{"id":17888,"date":"2024-07-17T19:26:08","date_gmt":"2024-07-17T19:26:08","guid":{"rendered":"https:\/\/lpfch.org\/?p=17888"},"modified":"2025-05-22T21:22:04","modified_gmt":"2025-05-22T21:22:04","slug":"accessing-pediatric-subspecialty-care-in-california","status":"publish","type":"post","link":"https:\/\/lpfch.org\/es\/impact-stories\/accessing-pediatric-subspecialty-care-in-california\/","title":{"rendered":"Acceso a atenci\u00f3n pedi\u00e1trica subespecializada en California"},"content":{"rendered":"<p><span data-contrast=\"auto\">Los ni\u00f1os y j\u00f3venes con necesidades especiales de atenci\u00f3n m\u00e9dica (CYSHCN, por sus siglas en ingl\u00e9s) a menudo requieren la atenci\u00f3n de m\u00faltiples subespecialistas pedi\u00e1tricos. Debido a la escasez de estos m\u00e9dicos, las familias pueden esperar meses para... <\/span><span data-contrast=\"auto\">inicial<\/span><span data-contrast=\"auto\"> Las visitas pueden requerir largas distancias para llegar a sus citas. Estos retrasos en la atenci\u00f3n pueden causar dificultades significativas para los padres y cuidadores, y pueden afectar negativamente la salud de los ni\u00f1os y ni\u00f1as con necesidades educativas especiales (CYSHCN). <\/span><\/p>\n<p><span data-contrast=\"auto\">Para comprender mejor el problema en California, nuestra Fundaci\u00f3n apoy\u00f3 a un equipo de investigadores, en asociaci\u00f3n con <a href=\"#partners\">Organizaciones familiares, de proveedores y de hospitales a nivel estatal<\/a>, para encuestar a subespecialistas pedi\u00e1tricos y familias de CYSHCN sobre el acceso a la atenci\u00f3n m\u00e9dica en nuestro estado. <\/span><\/p>\n<p><span data-contrast=\"auto\">Los recursos resultantes brindan informaci\u00f3n sobre las causas de la escasez, los impactos en los ni\u00f1os y j\u00f3venes sin hogar y sus familias, y las implicaciones pol\u00edticas.<\/span><span data-contrast=\"auto\"> para California y m\u00e1s all\u00e1<\/span><span data-contrast=\"auto\">.<\/span><\/p>\n<p><strong>Perspectivas de los proveedores<\/strong><\/p>\n<ul>\n<li><a href=\"https:\/\/lpfch.org\/resource\/californias-children-need-access-to-pediatric-subspecialists\/\">HOJA INFORMATIVA: Los ni\u00f1os de California necesitan acceso a subespecialistas pedi\u00e1tricos<\/a><\/li>\n<li><a href=\"https:\/\/lpfch.org\/resource\/access-to-pediatric-specialty-care-in-california-results-of-the-childrens-specialty-care-coalition-2022-member-survey\/\">INFORME: Acceso a la atenci\u00f3n pedi\u00e1trica especializada en California: Resultados de la encuesta de 2022 a miembros de la Coalici\u00f3n de Atenci\u00f3n Pedi\u00e1trica Especializada<\/a><\/li>\n<li><a href=\"https:\/\/lpfch.org\/resource\/pediatric-subspecialty-physician-workforce-a-growing-crisis\/\">INFORME LEGISLATIVO: Fuerza laboral de m\u00e9dicos subespecialistas pedi\u00e1tricos: una crisis creciente<\/a><\/li>\n<\/ul>\n<p><strong>Perspectivas del cuidador y la familia<\/strong><\/p>\n<ul>\n<li><a href=\"https:\/\/lpfch.org\/resource\/access-to-care-in-california-the-cyshcn-family-experience\/\">HOJA INFORMATIVA: Acceso a la atenci\u00f3n m\u00e9dica en California: La experiencia familiar de CYSHCN<\/a><\/li>\n<li><a href=\"https:\/\/lpfch.org\/resource\/travel-time-and-family-preferences-for-in-person-care\/\">HOJA INFORMATIVA: Tiempo de viaje y preferencias familiares para la atenci\u00f3n en persona<\/a><\/li>\n<li><a href=\"https:\/\/lpfch.org\/resource\/pediatric-subspecialty-care-access-california-survey-methods\/\">M\u00c9TODOS DE ENCUESTA: Retrasos en el acceso a la atenci\u00f3n de subespecialidades pedi\u00e1tricas en California<\/a><\/li>\n<\/ul>\n<p><strong>M\u00e1s desde el campo<\/strong><\/p>\n<ul>\n<li><a href=\"https:\/\/jamanetwork.com\/journals\/jama\/article-abstract\/2820548\" target=\"_blank\" rel=\"noopener\">Punto de vista: \u00bfD\u00f3nde est\u00e1n todos los pediatras?<\/a> (<em>Revista de la Asociaci\u00f3n M\u00e9dica Estadounidense, <\/em>7\/3\/24; requiere inicio de sesi\u00f3n gratuito para ver el texto completo)<\/li>\n<li><a href=\"https:\/\/www.nytimes.com\/2024\/07\/01\/opinion\/pediatrician-shortage.html\" target=\"_blank\" rel=\"noopener\">Opini\u00f3n: \u00bfPor qu\u00e9 los m\u00e9dicos no se dedican a la pediatr\u00eda?<\/a> (<em>El New York Times,<\/em> 01\/07\/24; requiere inicio de sesi\u00f3n gratuito)<\/li>\n<li><a href=\"https:\/\/www.calhealthreport.org\/2024\/04\/29\/california-kids-wait-months-or-years-for-specialty-care-heres-what-would-help\/\" target=\"_blank\" rel=\"noopener\">Los ni\u00f1os de California esperan meses o a\u00f1os para recibir atenci\u00f3n especializada. Esto les ayudar\u00eda.<\/a> (<em>Informe de salud de California,<\/em> 4\/29\/24)<\/li>\n<li><a href=\"https:\/\/nap.nationalacademies.org\/catalog\/27207\/the-future-pediatric-subspecialty-physician-workforce-meeting-the-needs-of\" target=\"_blank\" rel=\"noopener\">La futura fuerza laboral de m\u00e9dicos subespecialistas pedi\u00e1tricos: satisfacer las necesidades de beb\u00e9s, ni\u00f1os y adolescentes<\/a> (Academias Nacionales de Ciencias, Ingenier\u00eda y Medicina, 2023)<\/li>\n<\/ul>\n<p><a name=\"partners\"><\/a><br \/>\n<strong>Socios contribuyentes<\/strong><\/p>\n<p><a href=\"https:\/\/childrens-coalition.org\/\" target=\"_blank\" rel=\"noopener\">Coalici\u00f3n de Atenci\u00f3n Especializada para Ni\u00f1os<\/a><\/p>\n<p><a href=\"https:\/\/www.ccha.org\/\" target=\"_blank\" rel=\"noopener\">Asociaci\u00f3n de Hospitales Infantiles de California<\/a><\/p>\n<p><a href=\"https:\/\/practical-research-solutions.jimdosite.com\/\" target=\"_blank\" rel=\"noopener\">Soluciones de investigaci\u00f3n pr\u00e1cticas (Tali Klima)<\/a><\/p>\n<p><a href=\"https:\/\/cepc.ucsf.edu\/\" target=\"_blank\" rel=\"noopener\">Universidad de California en San Francisco \u2013 Centro de Excelencia en Atenci\u00f3n Primaria<\/a><\/p>\n<p><a href=\"https:\/\/frcnca.org\/\" target=\"_blank\" rel=\"noopener\">Red de Centros de Recursos Familiares de California<\/a><\/p>\n<p>&nbsp;<\/p>\n<p><a href=\"https:\/\/lpfch.org\/program-for-children-and-youth-with-special-health-care-needs\/\"><strong>Obtenga m\u00e1s informaci\u00f3n sobre nuestro Programa para Ni\u00f1os y J\u00f3venes con Necesidades Especiales de Atenci\u00f3n M\u00e9dica.<\/strong><\/a><\/p>\n<figure class=\"no-caption\"><\/figure>","protected":false},"excerpt":{"rendered":"<p>Los ni\u00f1os y j\u00f3venes con necesidades especiales de atenci\u00f3n m\u00e9dica (CYSHCN, por sus siglas en ingl\u00e9s) a menudo requieren atenci\u00f3n de m\u00faltiples subespecialistas pedi\u00e1tricos. Debido a la escasez de estos m\u00e9dicos, las familias pueden\u2026<\/p>","protected":false},"author":11,"featured_media":17893,"comment_status":"open","ping_status":"open","sticky":false,"template":"","format":"standard","meta":{"_acf_changed":false,"_relevanssi_hide_post":"","_relevanssi_hide_content":"","_relevanssi_pin_for_all":"","_relevanssi_pin_keywords":"","_relevanssi_unpin_keywords":"","_relevanssi_related_keywords":"","_relevanssi_related_include_ids":"","_relevanssi_related_exclude_ids":"","_relevanssi_related_no_append":"","_relevanssi_related_not_related":"","_relevanssi_related_posts":"","_relevanssi_noindex_reason":"","footnotes":""},"categories":[20],"class_list":["post-17888","post","type-post","status-publish","format-standard","has-post-thumbnail","hentry","category-cyshcn-stories"],"acf":[],"yoast_head":"<!-- This site is optimized with the Yoast SEO Premium plugin v27.3 (Yoast SEO v27.3) - https:\/\/yoast.com\/product\/yoast-seo-premium-wordpress\/ -->\n<title>Accessing Pediatric Subspecialty Care in California - Lucile Packard Foundation for Children&#039;s Health<\/title>\n<meta name=\"description\" content=\"Insight into the drivers of the pediatric subspecialist shortage in California, the impacts on CYSHCN and their families, and policy implications for California and beyond.\" \/>\n<meta name=\"robots\" content=\"index, follow, max-snippet:-1, max-image-preview:large, max-video-preview:-1\" \/>\n<link rel=\"canonical\" href=\"https:\/\/lpfch.org\/es\/impact-stories\/accessing-pediatric-subspecialty-care-in-california\/\" \/>\n<meta property=\"og:locale\" content=\"es_ES\" \/>\n<meta property=\"og:type\" content=\"article\" \/>\n<meta property=\"og:title\" content=\"Accessing Pediatric Subspecialty Care in California\" \/>\n<meta property=\"og:description\" content=\"Insight into the drivers of the pediatric subspecialist shortage in California, the impacts on CYSHCN and their families, and policy implications for California and beyond.\" \/>\n<meta property=\"og:url\" content=\"https:\/\/lpfch.org\/es\/impact-stories\/accessing-pediatric-subspecialty-care-in-california\/\" \/>\n<meta property=\"og:site_name\" content=\"Lucile Packard Foundation for Children&#039;s Health\" \/>\n<meta property=\"article:published_time\" content=\"2024-07-17T19:26:08+00:00\" \/>\n<meta property=\"article:modified_time\" content=\"2025-05-22T21:22:04+00:00\" \/>\n<meta property=\"og:image\" content=\"https:\/\/lpfch.org\/wp-content\/uploads\/2024\/07\/access-to-care-hero_sm-e1721147512116-1024x512.png\" \/>\n\t<meta property=\"og:image:width\" content=\"1024\" \/>\n\t<meta property=\"og:image:height\" content=\"512\" \/>\n\t<meta property=\"og:image:type\" content=\"image\/png\" \/>\n<meta name=\"author\" content=\"kristen.rogers\" \/>\n<meta name=\"twitter:card\" content=\"summary_large_image\" \/>\n<meta name=\"twitter:label1\" content=\"Written by\" \/>\n\t<meta name=\"twitter:data1\" content=\"kristen.rogers\" \/>\n\t<meta name=\"twitter:label2\" content=\"Est. reading time\" \/>\n\t<meta name=\"twitter:data2\" content=\"2 minutes\" \/>\n<script type=\"application\/ld+json\" class=\"yoast-schema-graph\">{\"@context\":\"https:\\\/\\\/schema.org\",\"@graph\":[{\"@type\":\"Article\",\"@id\":\"https:\\\/\\\/lpfch.org\\\/ru\\\/impact-stories\\\/accessing-pediatric-subspecialty-care-in-california\\\/#article\",\"isPartOf\":{\"@id\":\"https:\\\/\\\/lpfch.org\\\/ru\\\/impact-stories\\\/accessing-pediatric-subspecialty-care-in-california\\\/\"},\"author\":{\"name\":\"kristen.rogers\",\"@id\":\"https:\\\/\\\/lpfch.org\\\/km\\\/#\\\/schema\\\/person\\\/af73e9f4f8b204670c7b1260f627e912\"},\"headline\":\"Accessing Pediatric Subspecialty Care in California\",\"datePublished\":\"2024-07-17T19:26:08+00:00\",\"dateModified\":\"2025-05-22T21:22:04+00:00\",\"mainEntityOfPage\":{\"@id\":\"https:\\\/\\\/lpfch.org\\\/ru\\\/impact-stories\\\/accessing-pediatric-subspecialty-care-in-california\\\/\"},\"wordCount\":332,\"commentCount\":0,\"image\":{\"@id\":\"https:\\\/\\\/lpfch.org\\\/ru\\\/impact-stories\\\/accessing-pediatric-subspecialty-care-in-california\\\/#primaryimage\"},\"thumbnailUrl\":\"https:\\\/\\\/lpfch.org\\\/wp-content\\\/uploads\\\/2024\\\/07\\\/access-to-care-hero_sm-e1721147512116.png\",\"articleSection\":[\"CYSHCN Stories\"],\"inLanguage\":\"es-ES\",\"potentialAction\":[{\"@type\":\"CommentAction\",\"name\":\"Comment\",\"target\":[\"https:\\\/\\\/lpfch.org\\\/ru\\\/impact-stories\\\/accessing-pediatric-subspecialty-care-in-california\\\/#respond\"]}]},{\"@type\":\"WebPage\",\"@id\":\"https:\\\/\\\/lpfch.org\\\/ru\\\/impact-stories\\\/accessing-pediatric-subspecialty-care-in-california\\\/\",\"url\":\"https:\\\/\\\/lpfch.org\\\/ru\\\/impact-stories\\\/accessing-pediatric-subspecialty-care-in-california\\\/\",\"name\":\"Accessing Pediatric Subspecialty Care in California - Lucile Packard Foundation for Children&#039;s Health\",\"isPartOf\":{\"@id\":\"https:\\\/\\\/lpfch.org\\\/km\\\/#website\"},\"primaryImageOfPage\":{\"@id\":\"https:\\\/\\\/lpfch.org\\\/ru\\\/impact-stories\\\/accessing-pediatric-subspecialty-care-in-california\\\/#primaryimage\"},\"image\":{\"@id\":\"https:\\\/\\\/lpfch.org\\\/ru\\\/impact-stories\\\/accessing-pediatric-subspecialty-care-in-california\\\/#primaryimage\"},\"thumbnailUrl\":\"https:\\\/\\\/lpfch.org\\\/wp-content\\\/uploads\\\/2024\\\/07\\\/access-to-care-hero_sm-e1721147512116.png\",\"datePublished\":\"2024-07-17T19:26:08+00:00\",\"dateModified\":\"2025-05-22T21:22:04+00:00\",\"author\":{\"@id\":\"https:\\\/\\\/lpfch.org\\\/km\\\/#\\\/schema\\\/person\\\/af73e9f4f8b204670c7b1260f627e912\"},\"description\":\"Insight into the drivers of the pediatric subspecialist shortage in California, the impacts on CYSHCN and their families, and policy implications for California and beyond.\",\"breadcrumb\":{\"@id\":\"https:\\\/\\\/lpfch.org\\\/ru\\\/impact-stories\\\/accessing-pediatric-subspecialty-care-in-california\\\/#breadcrumb\"},\"inLanguage\":\"es-ES\",\"potentialAction\":[{\"@type\":\"ReadAction\",\"target\":[\"https:\\\/\\\/lpfch.org\\\/ru\\\/impact-stories\\\/accessing-pediatric-subspecialty-care-in-california\\\/\"]}]},{\"@type\":\"ImageObject\",\"inLanguage\":\"es-ES\",\"@id\":\"https:\\\/\\\/lpfch.org\\\/ru\\\/impact-stories\\\/accessing-pediatric-subspecialty-care-in-california\\\/#primaryimage\",\"url\":\"https:\\\/\\\/lpfch.org\\\/wp-content\\\/uploads\\\/2024\\\/07\\\/access-to-care-hero_sm-e1721147512116.png\",\"contentUrl\":\"https:\\\/\\\/lpfch.org\\\/wp-content\\\/uploads\\\/2024\\\/07\\\/access-to-care-hero_sm-e1721147512116.png\",\"width\":1200,\"height\":600,\"caption\":\"Stock photo of female physician's hands placing a stethoscope on a child's belly.\"},{\"@type\":\"BreadcrumbList\",\"@id\":\"https:\\\/\\\/lpfch.org\\\/ru\\\/impact-stories\\\/accessing-pediatric-subspecialty-care-in-california\\\/#breadcrumb\",\"itemListElement\":[{\"@type\":\"ListItem\",\"position\":1,\"name\":\"Home\",\"item\":\"https:\\\/\\\/lpfch.org\\\/km\\\/\"},{\"@type\":\"ListItem\",\"position\":2,\"name\":\"Accessing Pediatric&hellip;\"}]},{\"@type\":\"WebSite\",\"@id\":\"https:\\\/\\\/lpfch.org\\\/km\\\/#website\",\"url\":\"https:\\\/\\\/lpfch.org\\\/km\\\/\",\"name\":\"Lucile Packard Foundation for Children&#039;s Health\",\"description\":\"\",\"potentialAction\":[{\"@type\":\"SearchAction\",\"target\":{\"@type\":\"EntryPoint\",\"urlTemplate\":\"https:\\\/\\\/lpfch.org\\\/km\\\/?s={search_term_string}\"},\"query-input\":{\"@type\":\"PropertyValueSpecification\",\"valueRequired\":true,\"valueName\":\"search_term_string\"}}],\"inLanguage\":\"es-ES\"},{\"@type\":\"Person\",\"@id\":\"https:\\\/\\\/lpfch.org\\\/km\\\/#\\\/schema\\\/person\\\/af73e9f4f8b204670c7b1260f627e912\",\"name\":\"kristen.rogers\",\"image\":{\"@type\":\"ImageObject\",\"inLanguage\":\"es-ES\",\"@id\":\"https:\\\/\\\/secure.gravatar.com\\\/avatar\\\/4453befe596cd394fc8fa94665792adf55d8b92fba296aeb37c4f3d0b9a52b19?s=96&d=mm&r=g\",\"url\":\"https:\\\/\\\/secure.gravatar.com\\\/avatar\\\/4453befe596cd394fc8fa94665792adf55d8b92fba296aeb37c4f3d0b9a52b19?s=96&d=mm&r=g\",\"contentUrl\":\"https:\\\/\\\/secure.gravatar.com\\\/avatar\\\/4453befe596cd394fc8fa94665792adf55d8b92fba296aeb37c4f3d0b9a52b19?s=96&d=mm&r=g\",\"caption\":\"kristen.rogers\"},\"url\":\"https:\\\/\\\/lpfch.org\\\/es\\\/impact-stories\\\/author\\\/kristen-rogers\\\/\"}]}<\/script>\n<!-- \/ Yoast SEO Premium plugin. -->","yoast_head_json":{"title":"Acceso a la atenci\u00f3n pedi\u00e1trica especializada en California - Fundaci\u00f3n Lucile Packard para la Salud Infantil","description":"Informaci\u00f3n sobre los factores que impulsan la escasez de subespecialistas pedi\u00e1tricos en California, los impactos en los CYSHCN y sus familias, y las implicaciones pol\u00edticas para California y m\u00e1s all\u00e1.","robots":{"index":"index","follow":"follow","max-snippet":"max-snippet:-1","max-image-preview":"max-image-preview:large","max-video-preview":"max-video-preview:-1"},"canonical":"https:\/\/lpfch.org\/es\/impact-stories\/accessing-pediatric-subspecialty-care-in-california\/","og_locale":"es_ES","og_type":"article","og_title":"Accessing Pediatric Subspecialty Care in California","og_description":"Insight into the drivers of the pediatric subspecialist shortage in California, the impacts on CYSHCN and their families, and policy implications for California and beyond.","og_url":"https:\/\/lpfch.org\/es\/impact-stories\/accessing-pediatric-subspecialty-care-in-california\/","og_site_name":"Lucile Packard Foundation for Children&#039;s Health","article_published_time":"2024-07-17T19:26:08+00:00","article_modified_time":"2025-05-22T21:22:04+00:00","og_image":[{"width":1024,"height":512,"url":"https:\/\/lpfch.org\/wp-content\/uploads\/2024\/07\/access-to-care-hero_sm-e1721147512116-1024x512.png","type":"image\/png"}],"author":"kristen.rogers","twitter_card":"summary_large_image","twitter_misc":{"Written by":"kristen.rogers","Est. reading time":"2 minutes"},"schema":{"@context":"https:\/\/schema.org","@graph":[{"@type":"Article","@id":"https:\/\/lpfch.org\/ru\/impact-stories\/accessing-pediatric-subspecialty-care-in-california\/#article","isPartOf":{"@id":"https:\/\/lpfch.org\/ru\/impact-stories\/accessing-pediatric-subspecialty-care-in-california\/"},"author":{"name":"kristen.rogers","@id":"https:\/\/lpfch.org\/km\/#\/schema\/person\/af73e9f4f8b204670c7b1260f627e912"},"headline":"Accessing Pediatric Subspecialty Care in California","datePublished":"2024-07-17T19:26:08+00:00","dateModified":"2025-05-22T21:22:04+00:00","mainEntityOfPage":{"@id":"https:\/\/lpfch.org\/ru\/impact-stories\/accessing-pediatric-subspecialty-care-in-california\/"},"wordCount":332,"commentCount":0,"image":{"@id":"https:\/\/lpfch.org\/ru\/impact-stories\/accessing-pediatric-subspecialty-care-in-california\/#primaryimage"},"thumbnailUrl":"https:\/\/lpfch.org\/wp-content\/uploads\/2024\/07\/access-to-care-hero_sm-e1721147512116.png","articleSection":["CYSHCN Stories"],"inLanguage":"es-ES","potentialAction":[{"@type":"CommentAction","name":"Comment","target":["https:\/\/lpfch.org\/ru\/impact-stories\/accessing-pediatric-subspecialty-care-in-california\/#respond"]}]},{"@type":"WebPage","@id":"https:\/\/lpfch.org\/ru\/impact-stories\/accessing-pediatric-subspecialty-care-in-california\/","url":"https:\/\/lpfch.org\/ru\/impact-stories\/accessing-pediatric-subspecialty-care-in-california\/","name":"Acceso a la atenci\u00f3n pedi\u00e1trica especializada en California - Fundaci\u00f3n Lucile Packard para la Salud Infantil","isPartOf":{"@id":"https:\/\/lpfch.org\/km\/#website"},"primaryImageOfPage":{"@id":"https:\/\/lpfch.org\/ru\/impact-stories\/accessing-pediatric-subspecialty-care-in-california\/#primaryimage"},"image":{"@id":"https:\/\/lpfch.org\/ru\/impact-stories\/accessing-pediatric-subspecialty-care-in-california\/#primaryimage"},"thumbnailUrl":"https:\/\/lpfch.org\/wp-content\/uploads\/2024\/07\/access-to-care-hero_sm-e1721147512116.png","datePublished":"2024-07-17T19:26:08+00:00","dateModified":"2025-05-22T21:22:04+00:00","author":{"@id":"https:\/\/lpfch.org\/km\/#\/schema\/person\/af73e9f4f8b204670c7b1260f627e912"},"description":"Informaci\u00f3n sobre los factores que impulsan la escasez de subespecialistas pedi\u00e1tricos en California, los impactos en los CYSHCN y sus familias, y las implicaciones pol\u00edticas para California y m\u00e1s all\u00e1.","breadcrumb":{"@id":"https:\/\/lpfch.org\/ru\/impact-stories\/accessing-pediatric-subspecialty-care-in-california\/#breadcrumb"},"inLanguage":"es-ES","potentialAction":[{"@type":"ReadAction","target":["https:\/\/lpfch.org\/ru\/impact-stories\/accessing-pediatric-subspecialty-care-in-california\/"]}]},{"@type":"ImageObject","inLanguage":"es-ES","@id":"https:\/\/lpfch.org\/ru\/impact-stories\/accessing-pediatric-subspecialty-care-in-california\/#primaryimage","url":"https:\/\/lpfch.org\/wp-content\/uploads\/2024\/07\/access-to-care-hero_sm-e1721147512116.png","contentUrl":"https:\/\/lpfch.org\/wp-content\/uploads\/2024\/07\/access-to-care-hero_sm-e1721147512116.png","width":1200,"height":600,"caption":"Stock photo of female physician's hands placing a stethoscope on a child's belly."},{"@type":"BreadcrumbList","@id":"https:\/\/lpfch.org\/ru\/impact-stories\/accessing-pediatric-subspecialty-care-in-california\/#breadcrumb","itemListElement":[{"@type":"ListItem","position":1,"name":"Home","item":"https:\/\/lpfch.org\/km\/"},{"@type":"ListItem","position":2,"name":"Accessing Pediatric&hellip;"}]},{"@type":"WebSite","@id":"https:\/\/lpfch.org\/km\/#website","url":"https:\/\/lpfch.org\/km\/","name":"Fundaci\u00f3n Lucile Packard para la Salud Infantil","description":"","potentialAction":[{"@type":"SearchAction","target":{"@type":"EntryPoint","urlTemplate":"https:\/\/lpfch.org\/km\/?s={search_term_string}"},"query-input":{"@type":"PropertyValueSpecification","valueRequired":true,"valueName":"search_term_string"}}],"inLanguage":"es-ES"},{"@type":"Person","@id":"https:\/\/lpfch.org\/km\/#\/schema\/person\/af73e9f4f8b204670c7b1260f627e912","name":"Kristen Rogers","image":{"@type":"ImageObject","inLanguage":"es-ES","@id":"https:\/\/secure.gravatar.com\/avatar\/4453befe596cd394fc8fa94665792adf55d8b92fba296aeb37c4f3d0b9a52b19?s=96&d=mm&r=g","url":"https:\/\/secure.gravatar.com\/avatar\/4453befe596cd394fc8fa94665792adf55d8b92fba296aeb37c4f3d0b9a52b19?s=96&d=mm&r=g","contentUrl":"https:\/\/secure.gravatar.com\/avatar\/4453befe596cd394fc8fa94665792adf55d8b92fba296aeb37c4f3d0b9a52b19?s=96&d=mm&r=g","caption":"kristen.rogers"},"url":"https:\/\/lpfch.org\/es\/impact-stories\/author\/kristen-rogers\/"}]}},"_links":{"self":[{"href":"https:\/\/lpfch.org\/es\/wp-json\/wp\/v2\/posts\/17888","targetHints":{"allow":["GET"]}}],"collection":[{"href":"https:\/\/lpfch.org\/es\/wp-json\/wp\/v2\/posts"}],"about":[{"href":"https:\/\/lpfch.org\/es\/wp-json\/wp\/v2\/types\/post"}],"author":[{"embeddable":true,"href":"https:\/\/lpfch.org\/es\/wp-json\/wp\/v2\/users\/11"}],"replies":[{"embeddable":true,"href":"https:\/\/lpfch.org\/es\/wp-json\/wp\/v2\/comments?post=17888"}],"version-history":[{"count":4,"href":"https:\/\/lpfch.org\/es\/wp-json\/wp\/v2\/posts\/17888\/revisions"}],"predecessor-version":[{"id":21134,"href":"https:\/\/lpfch.org\/es\/wp-json\/wp\/v2\/posts\/17888\/revisions\/21134"}],"wp:featuredmedia":[{"embeddable":true,"href":"https:\/\/lpfch.org\/es\/wp-json\/wp\/v2\/media\/17893"}],"wp:attachment":[{"href":"https:\/\/lpfch.org\/es\/wp-json\/wp\/v2\/media?parent=17888"}],"wp:term":[{"taxonomy":"category","embeddable":true,"href":"https:\/\/lpfch.org\/es\/wp-json\/wp\/v2\/categories?post=17888"}],"curies":[{"name":"gracias","href":"https:\/\/api.w.org\/{rel}","templated":true}]}}