{"id":23096,"date":"2026-01-23T09:58:21","date_gmt":"2026-01-23T17:58:21","guid":{"rendered":"https:\/\/lpfch.org\/?p=23096"},"modified":"2026-01-23T13:03:37","modified_gmt":"2026-01-23T21:03:37","slug":"brad-geier-joins-lucile-packard-foundation-board-of-directors","status":"publish","type":"post","link":"https:\/\/lpfch.org\/es\/impact-stories\/brad-geier-joins-lucile-packard-foundation-board-of-directors\/","title":{"rendered":"Brad Geier incorpora los v\u00ednculos de Stanford a la Junta Directiva de la Fundaci\u00f3n Lucile Packard para la Salud Infantil\u00a0"},"content":{"rendered":"<p>&nbsp;<\/p>\n<p><span data-contrast=\"auto\">La Fundaci\u00f3n Lucile Packard para la Salud Infantil ha dado la bienvenida a Brad Geier, presidente de la junta directiva del Lucile Packard Children&#039;s Hospital Stanford, a su Junta Directiva.<\/span><span data-ccp-props=\"{}\">\u00a0<\/span><\/p>\n<p><span data-contrast=\"auto\">Geier se uni\u00f3 a la junta directiva de la Fundaci\u00f3n el 1 de enero como miembro ex officio, lo que refleja su posici\u00f3n de liderazgo en el Hospital Infantil Packard, que tambi\u00e9n comenz\u00f3 el 1 de enero. Fue elegido miembro de la junta del hospital en enero de 2020.<\/span><span data-ccp-props=\"{}\">\u00a0<\/span><\/p>\n<p><span data-contrast=\"auto\">Geier, figura muy respetada en el sector de la inversi\u00f3n inmobiliaria, es fundador, copropietario y socio codirector de Merlone Geier Partners. Su trayectoria profesional incluye destacados puestos de liderazgo en Trammell Crow Company y Taubman Company.<\/span><span data-ccp-props=\"{}\">\u00a0<\/span><\/p>\n<p><span data-contrast=\"auto\">\u201cBrad aporta una combinaci\u00f3n de liderazgo reflexivo, experiencia en juntas directivas y un fuerte compromiso con Stanford y el Hospital Infantil Packard\u201d, afirma Susan Ford Dorsey, presidenta de la junta directiva de la Fundaci\u00f3n. \u201c\u00c9l comprende lo que se necesita para construir organizaciones resilientes y con una misi\u00f3n clara, y su dedicaci\u00f3n a la comunidad ser\u00e1 un gran activo para la Fundaci\u00f3n a medida que recaudamos fondos para apoyar a los ni\u00f1os y las familias de nuestra comunidad\u201d.\u00a0\u00a0<\/span><span data-ccp-props=\"{}\">\u00a0<\/span><\/p>\n<p><span data-contrast=\"auto\">Geier y su esposa, Cathy, apoyan desde hace mucho tiempo al Hospital Infantil Packard. Recientemente hicieron una donaci\u00f3n para apoyar la transformaci\u00f3n del Edificio Oeste del hospital y as\u00ed mejorar la atenci\u00f3n a madres y beb\u00e9s.\u00a0<\/span><span data-ccp-props=\"{}\">\u00a0<\/span><\/p>\n<p><span data-contrast=\"auto\">Geier tiene estrechos v\u00ednculos con la Universidad de Stanford, donde obtuvo una licenciatura en Historia y form\u00f3 parte del consejo directivo de la universidad. Es un miembro activo de la comunidad de Stanford, desempe\u00f1ando diversos roles de liderazgo y voluntariado, incluyendo su participaci\u00f3n en el Consejo Asesor del Programa de Estudios Extranjeros de Bing y la copresidencia del Consejo Asesor de Padres. Sus contribuciones le han valido el prestigioso Premio de los Gobernadores de Stanford Associates por su ejemplar servicio voluntario.<\/span><span data-ccp-props=\"{}\">\u00a0<\/span><\/p>\n<p><span data-contrast=\"auto\">Geier, quien obtuvo un MBA en la Escuela de Negocios de Harvard, tambi\u00e9n participa activamente en otros consejos educativos y asesores. Participa como miembro del Consejo Asesor de Pol\u00edticas del Centro Burnham-Moores de Bienes Ra\u00edces de la Universidad de San Diego, es director de Positive Coaching Alliance y expresidente de la junta directiva y fideicomisario vitalicio de The Bishop&#039;s School en La Jolla, California.<\/span><span data-ccp-props=\"{}\">\u00a0<\/span><\/p>\n<p><span data-ccp-props=\"{}\">\u00a0<\/span><\/p>\n<p><span data-ccp-props=\"{}\">\u00a0<\/span><\/p>","protected":false},"excerpt":{"rendered":"<p>&nbsp; La Fundaci\u00f3n Lucile Packard para la Salud Infantil ha dado la bienvenida a Brad Geier, presidente de la junta directiva del Hospital Infantil Lucile Packard de Stanford, a su junta directiva. Geier se uni\u00f3 a la junta directiva de la Fundaci\u00f3n\u2026<\/p>","protected":false},"author":8,"featured_media":23099,"comment_status":"closed","ping_status":"closed","sticky":false,"template":"","format":"standard","meta":{"_acf_changed":false,"_relevanssi_hide_post":"","_relevanssi_hide_content":"","_relevanssi_pin_for_all":"","_relevanssi_pin_keywords":"","_relevanssi_unpin_keywords":"","_relevanssi_related_keywords":"","_relevanssi_related_include_ids":"","_relevanssi_related_exclude_ids":"","_relevanssi_related_no_append":"","_relevanssi_related_not_related":"","_relevanssi_related_posts":"","_relevanssi_noindex_reason":"","footnotes":""},"categories":[148],"class_list":["post-23096","post","type-post","status-publish","format-standard","has-post-thumbnail","hentry","category-in-the-news"],"acf":[],"yoast_head":"<!-- This site is optimized with the Yoast SEO Premium plugin v27.3 (Yoast SEO v27.3) - https:\/\/yoast.com\/product\/yoast-seo-premium-wordpress\/ -->\n<title>Brad Geier\u00a0Brings Stanford Ties to\u00a0Lucile Packard Foundation for Children\u2019s Health\u00a0Board of Directors\u00a0 - Lucile Packard Foundation for Children&#039;s Health<\/title>\n<meta name=\"robots\" content=\"index, follow, max-snippet:-1, max-image-preview:large, max-video-preview:-1\" \/>\n<link rel=\"canonical\" href=\"https:\/\/lpfch.org\/es\/impact-stories\/brad-geier-joins-lucile-packard-foundation-board-of-directors\/\" \/>\n<meta property=\"og:locale\" content=\"es_ES\" \/>\n<meta property=\"og:type\" content=\"article\" \/>\n<meta property=\"og:title\" content=\"Brad Geier\u00a0Brings Stanford Ties to\u00a0Lucile Packard Foundation for Children\u2019s Health\u00a0Board of Directors\u00a0\" \/>\n<meta property=\"og:description\" content=\"&nbsp; The\u00a0Lucile Packard\u00a0Foundation for\u00a0Children\u2019s\u00a0Health has welcomed Brad Geier, board chair of Lucile Packard Children\u2019s Hospital\u00a0Stanford, to its Board of Directors.\u00a0 Geier joined the Foundation\u2019s board...\" \/>\n<meta property=\"og:url\" content=\"https:\/\/lpfch.org\/es\/impact-stories\/brad-geier-joins-lucile-packard-foundation-board-of-directors\/\" \/>\n<meta property=\"og:site_name\" content=\"Lucile Packard Foundation for Children&#039;s Health\" \/>\n<meta property=\"article:published_time\" content=\"2026-01-23T17:58:21+00:00\" \/>\n<meta property=\"article:modified_time\" content=\"2026-01-23T21:03:37+00:00\" \/>\n<meta property=\"og:image\" content=\"https:\/\/lpfch.org\/wp-content\/uploads\/2026\/01\/brad_v2.png\" \/>\n\t<meta property=\"og:image:width\" content=\"960\" \/>\n\t<meta property=\"og:image:height\" content=\"600\" \/>\n\t<meta property=\"og:image:type\" content=\"image\/png\" \/>\n<meta name=\"author\" content=\"Jodi.Mouratis\" \/>\n<meta name=\"twitter:card\" content=\"summary_large_image\" \/>\n<meta name=\"twitter:label1\" content=\"Written by\" \/>\n\t<meta name=\"twitter:data1\" content=\"Jodi.Mouratis\" \/>\n\t<meta name=\"twitter:label2\" content=\"Est. reading time\" \/>\n\t<meta name=\"twitter:data2\" content=\"2 minutes\" \/>\n<script type=\"application\/ld+json\" class=\"yoast-schema-graph\">{\"@context\":\"https:\\\/\\\/schema.org\",\"@graph\":[{\"@type\":\"Article\",\"@id\":\"https:\\\/\\\/lpfch.org\\\/impact-stories\\\/brad-geier-joins-lucile-packard-foundation-board-of-directors\\\/#article\",\"isPartOf\":{\"@id\":\"https:\\\/\\\/lpfch.org\\\/impact-stories\\\/brad-geier-joins-lucile-packard-foundation-board-of-directors\\\/\"},\"author\":{\"name\":\"Jodi.Mouratis\",\"@id\":\"https:\\\/\\\/lpfch.org\\\/km\\\/#\\\/schema\\\/person\\\/820ab723e801a57dd5cd79b71dbb9139\"},\"headline\":\"Brad Geier\u00a0Brings Stanford Ties to\u00a0Lucile Packard Foundation for Children\u2019s Health\u00a0Board of Directors\u00a0\",\"datePublished\":\"2026-01-23T17:58:21+00:00\",\"dateModified\":\"2026-01-23T21:03:37+00:00\",\"mainEntityOfPage\":{\"@id\":\"https:\\\/\\\/lpfch.org\\\/impact-stories\\\/brad-geier-joins-lucile-packard-foundation-board-of-directors\\\/\"},\"wordCount\":357,\"image\":{\"@id\":\"https:\\\/\\\/lpfch.org\\\/impact-stories\\\/brad-geier-joins-lucile-packard-foundation-board-of-directors\\\/#primaryimage\"},\"thumbnailUrl\":\"https:\\\/\\\/lpfch.org\\\/wp-content\\\/uploads\\\/2026\\\/01\\\/brad_v2.png\",\"articleSection\":[\"In the News\"],\"inLanguage\":\"es-ES\"},{\"@type\":\"WebPage\",\"@id\":\"https:\\\/\\\/lpfch.org\\\/impact-stories\\\/brad-geier-joins-lucile-packard-foundation-board-of-directors\\\/\",\"url\":\"https:\\\/\\\/lpfch.org\\\/impact-stories\\\/brad-geier-joins-lucile-packard-foundation-board-of-directors\\\/\",\"name\":\"Brad Geier\u00a0Brings Stanford Ties to\u00a0Lucile Packard Foundation for Children\u2019s Health\u00a0Board of Directors\u00a0 - Lucile Packard Foundation for Children&#039;s Health\",\"isPartOf\":{\"@id\":\"https:\\\/\\\/lpfch.org\\\/km\\\/#website\"},\"primaryImageOfPage\":{\"@id\":\"https:\\\/\\\/lpfch.org\\\/impact-stories\\\/brad-geier-joins-lucile-packard-foundation-board-of-directors\\\/#primaryimage\"},\"image\":{\"@id\":\"https:\\\/\\\/lpfch.org\\\/impact-stories\\\/brad-geier-joins-lucile-packard-foundation-board-of-directors\\\/#primaryimage\"},\"thumbnailUrl\":\"https:\\\/\\\/lpfch.org\\\/wp-content\\\/uploads\\\/2026\\\/01\\\/brad_v2.png\",\"datePublished\":\"2026-01-23T17:58:21+00:00\",\"dateModified\":\"2026-01-23T21:03:37+00:00\",\"author\":{\"@id\":\"https:\\\/\\\/lpfch.org\\\/km\\\/#\\\/schema\\\/person\\\/820ab723e801a57dd5cd79b71dbb9139\"},\"breadcrumb\":{\"@id\":\"https:\\\/\\\/lpfch.org\\\/impact-stories\\\/brad-geier-joins-lucile-packard-foundation-board-of-directors\\\/#breadcrumb\"},\"inLanguage\":\"es-ES\",\"potentialAction\":[{\"@type\":\"ReadAction\",\"target\":[\"https:\\\/\\\/lpfch.org\\\/impact-stories\\\/brad-geier-joins-lucile-packard-foundation-board-of-directors\\\/\"]}]},{\"@type\":\"ImageObject\",\"inLanguage\":\"es-ES\",\"@id\":\"https:\\\/\\\/lpfch.org\\\/impact-stories\\\/brad-geier-joins-lucile-packard-foundation-board-of-directors\\\/#primaryimage\",\"url\":\"https:\\\/\\\/lpfch.org\\\/wp-content\\\/uploads\\\/2026\\\/01\\\/brad_v2.png\",\"contentUrl\":\"https:\\\/\\\/lpfch.org\\\/wp-content\\\/uploads\\\/2026\\\/01\\\/brad_v2.png\",\"width\":960,\"height\":600},{\"@type\":\"BreadcrumbList\",\"@id\":\"https:\\\/\\\/lpfch.org\\\/impact-stories\\\/brad-geier-joins-lucile-packard-foundation-board-of-directors\\\/#breadcrumb\",\"itemListElement\":[{\"@type\":\"ListItem\",\"position\":1,\"name\":\"Home\",\"item\":\"https:\\\/\\\/lpfch.org\\\/km\\\/\"},{\"@type\":\"ListItem\",\"position\":2,\"name\":\"Brad Geier\u00a0Brings&hellip;\"}]},{\"@type\":\"WebSite\",\"@id\":\"https:\\\/\\\/lpfch.org\\\/km\\\/#website\",\"url\":\"https:\\\/\\\/lpfch.org\\\/km\\\/\",\"name\":\"Lucile Packard Foundation for Children&#039;s Health\",\"description\":\"\",\"potentialAction\":[{\"@type\":\"SearchAction\",\"target\":{\"@type\":\"EntryPoint\",\"urlTemplate\":\"https:\\\/\\\/lpfch.org\\\/km\\\/?s={search_term_string}\"},\"query-input\":{\"@type\":\"PropertyValueSpecification\",\"valueRequired\":true,\"valueName\":\"search_term_string\"}}],\"inLanguage\":\"es-ES\"},{\"@type\":\"Person\",\"@id\":\"https:\\\/\\\/lpfch.org\\\/km\\\/#\\\/schema\\\/person\\\/820ab723e801a57dd5cd79b71dbb9139\",\"name\":\"Jodi.Mouratis\",\"image\":{\"@type\":\"ImageObject\",\"inLanguage\":\"es-ES\",\"@id\":\"https:\\\/\\\/secure.gravatar.com\\\/avatar\\\/135a53e5be442cdcf067cdeb00ea85983eb4e8c1ceedb6450df4fe877b87c912?s=96&d=mm&r=g\",\"url\":\"https:\\\/\\\/secure.gravatar.com\\\/avatar\\\/135a53e5be442cdcf067cdeb00ea85983eb4e8c1ceedb6450df4fe877b87c912?s=96&d=mm&r=g\",\"contentUrl\":\"https:\\\/\\\/secure.gravatar.com\\\/avatar\\\/135a53e5be442cdcf067cdeb00ea85983eb4e8c1ceedb6450df4fe877b87c912?s=96&d=mm&r=g\",\"caption\":\"Jodi.Mouratis\"},\"url\":\"https:\\\/\\\/lpfch.org\\\/es\\\/impact-stories\\\/author\\\/jodi-mouratis\\\/\"}]}<\/script>\n<!-- \/ Yoast SEO Premium plugin. -->","yoast_head_json":{"title":"Brad Geier incorpora los v\u00ednculos de Stanford a la Junta Directiva de la Fundaci\u00f3n Lucile Packard para la Salud Infantil - Fundaci\u00f3n Lucile Packard para la Salud Infantil","robots":{"index":"index","follow":"follow","max-snippet":"max-snippet:-1","max-image-preview":"max-image-preview:large","max-video-preview":"max-video-preview:-1"},"canonical":"https:\/\/lpfch.org\/es\/impact-stories\/brad-geier-joins-lucile-packard-foundation-board-of-directors\/","og_locale":"es_ES","og_type":"article","og_title":"Brad Geier\u00a0Brings Stanford Ties to\u00a0Lucile Packard Foundation for Children\u2019s Health\u00a0Board of Directors\u00a0","og_description":"&nbsp; The\u00a0Lucile Packard\u00a0Foundation for\u00a0Children\u2019s\u00a0Health has welcomed Brad Geier, board chair of Lucile Packard Children\u2019s Hospital\u00a0Stanford, to its Board of Directors.\u00a0 Geier joined the Foundation\u2019s board...","og_url":"https:\/\/lpfch.org\/es\/impact-stories\/brad-geier-joins-lucile-packard-foundation-board-of-directors\/","og_site_name":"Lucile Packard Foundation for Children&#039;s Health","article_published_time":"2026-01-23T17:58:21+00:00","article_modified_time":"2026-01-23T21:03:37+00:00","og_image":[{"width":960,"height":600,"url":"https:\/\/lpfch.org\/wp-content\/uploads\/2026\/01\/brad_v2.png","type":"image\/png"}],"author":"Jodi.Mouratis","twitter_card":"summary_large_image","twitter_misc":{"Written by":"Jodi.Mouratis","Est. reading time":"2 minutes"},"schema":{"@context":"https:\/\/schema.org","@graph":[{"@type":"Article","@id":"https:\/\/lpfch.org\/impact-stories\/brad-geier-joins-lucile-packard-foundation-board-of-directors\/#article","isPartOf":{"@id":"https:\/\/lpfch.org\/impact-stories\/brad-geier-joins-lucile-packard-foundation-board-of-directors\/"},"author":{"name":"Jodi.Mouratis","@id":"https:\/\/lpfch.org\/km\/#\/schema\/person\/820ab723e801a57dd5cd79b71dbb9139"},"headline":"Brad Geier\u00a0Brings Stanford Ties to\u00a0Lucile Packard Foundation for Children\u2019s Health\u00a0Board of Directors\u00a0","datePublished":"2026-01-23T17:58:21+00:00","dateModified":"2026-01-23T21:03:37+00:00","mainEntityOfPage":{"@id":"https:\/\/lpfch.org\/impact-stories\/brad-geier-joins-lucile-packard-foundation-board-of-directors\/"},"wordCount":357,"image":{"@id":"https:\/\/lpfch.org\/impact-stories\/brad-geier-joins-lucile-packard-foundation-board-of-directors\/#primaryimage"},"thumbnailUrl":"https:\/\/lpfch.org\/wp-content\/uploads\/2026\/01\/brad_v2.png","articleSection":["In the News"],"inLanguage":"es-ES"},{"@type":"WebPage","@id":"https:\/\/lpfch.org\/impact-stories\/brad-geier-joins-lucile-packard-foundation-board-of-directors\/","url":"https:\/\/lpfch.org\/impact-stories\/brad-geier-joins-lucile-packard-foundation-board-of-directors\/","name":"Brad Geier incorpora los v\u00ednculos de Stanford a la Junta Directiva de la Fundaci\u00f3n Lucile Packard para la Salud Infantil - Fundaci\u00f3n Lucile Packard para la Salud Infantil","isPartOf":{"@id":"https:\/\/lpfch.org\/km\/#website"},"primaryImageOfPage":{"@id":"https:\/\/lpfch.org\/impact-stories\/brad-geier-joins-lucile-packard-foundation-board-of-directors\/#primaryimage"},"image":{"@id":"https:\/\/lpfch.org\/impact-stories\/brad-geier-joins-lucile-packard-foundation-board-of-directors\/#primaryimage"},"thumbnailUrl":"https:\/\/lpfch.org\/wp-content\/uploads\/2026\/01\/brad_v2.png","datePublished":"2026-01-23T17:58:21+00:00","dateModified":"2026-01-23T21:03:37+00:00","author":{"@id":"https:\/\/lpfch.org\/km\/#\/schema\/person\/820ab723e801a57dd5cd79b71dbb9139"},"breadcrumb":{"@id":"https:\/\/lpfch.org\/impact-stories\/brad-geier-joins-lucile-packard-foundation-board-of-directors\/#breadcrumb"},"inLanguage":"es-ES","potentialAction":[{"@type":"ReadAction","target":["https:\/\/lpfch.org\/impact-stories\/brad-geier-joins-lucile-packard-foundation-board-of-directors\/"]}]},{"@type":"ImageObject","inLanguage":"es-ES","@id":"https:\/\/lpfch.org\/impact-stories\/brad-geier-joins-lucile-packard-foundation-board-of-directors\/#primaryimage","url":"https:\/\/lpfch.org\/wp-content\/uploads\/2026\/01\/brad_v2.png","contentUrl":"https:\/\/lpfch.org\/wp-content\/uploads\/2026\/01\/brad_v2.png","width":960,"height":600},{"@type":"BreadcrumbList","@id":"https:\/\/lpfch.org\/impact-stories\/brad-geier-joins-lucile-packard-foundation-board-of-directors\/#breadcrumb","itemListElement":[{"@type":"ListItem","position":1,"name":"Home","item":"https:\/\/lpfch.org\/km\/"},{"@type":"ListItem","position":2,"name":"Brad Geier\u00a0Brings&hellip;"}]},{"@type":"WebSite","@id":"https:\/\/lpfch.org\/km\/#website","url":"https:\/\/lpfch.org\/km\/","name":"Fundaci\u00f3n Lucile Packard para la Salud Infantil","description":"","potentialAction":[{"@type":"SearchAction","target":{"@type":"EntryPoint","urlTemplate":"https:\/\/lpfch.org\/km\/?s={search_term_string}"},"query-input":{"@type":"PropertyValueSpecification","valueRequired":true,"valueName":"search_term_string"}}],"inLanguage":"es-ES"},{"@type":"Person","@id":"https:\/\/lpfch.org\/km\/#\/schema\/person\/820ab723e801a57dd5cd79b71dbb9139","name":"Jodi Mouratis","image":{"@type":"ImageObject","inLanguage":"es-ES","@id":"https:\/\/secure.gravatar.com\/avatar\/135a53e5be442cdcf067cdeb00ea85983eb4e8c1ceedb6450df4fe877b87c912?s=96&d=mm&r=g","url":"https:\/\/secure.gravatar.com\/avatar\/135a53e5be442cdcf067cdeb00ea85983eb4e8c1ceedb6450df4fe877b87c912?s=96&d=mm&r=g","contentUrl":"https:\/\/secure.gravatar.com\/avatar\/135a53e5be442cdcf067cdeb00ea85983eb4e8c1ceedb6450df4fe877b87c912?s=96&d=mm&r=g","caption":"Jodi.Mouratis"},"url":"https:\/\/lpfch.org\/es\/impact-stories\/author\/jodi-mouratis\/"}]}},"_links":{"self":[{"href":"https:\/\/lpfch.org\/es\/wp-json\/wp\/v2\/posts\/23096","targetHints":{"allow":["GET"]}}],"collection":[{"href":"https:\/\/lpfch.org\/es\/wp-json\/wp\/v2\/posts"}],"about":[{"href":"https:\/\/lpfch.org\/es\/wp-json\/wp\/v2\/types\/post"}],"author":[{"embeddable":true,"href":"https:\/\/lpfch.org\/es\/wp-json\/wp\/v2\/users\/8"}],"replies":[{"embeddable":true,"href":"https:\/\/lpfch.org\/es\/wp-json\/wp\/v2\/comments?post=23096"}],"version-history":[{"count":3,"href":"https:\/\/lpfch.org\/es\/wp-json\/wp\/v2\/posts\/23096\/revisions"}],"predecessor-version":[{"id":23100,"href":"https:\/\/lpfch.org\/es\/wp-json\/wp\/v2\/posts\/23096\/revisions\/23100"}],"wp:featuredmedia":[{"embeddable":true,"href":"https:\/\/lpfch.org\/es\/wp-json\/wp\/v2\/media\/23099"}],"wp:attachment":[{"href":"https:\/\/lpfch.org\/es\/wp-json\/wp\/v2\/media?parent=23096"}],"wp:term":[{"taxonomy":"category","embeddable":true,"href":"https:\/\/lpfch.org\/es\/wp-json\/wp\/v2\/categories?post=23096"}],"curies":[{"name":"gracias","href":"https:\/\/api.w.org\/{rel}","templated":true}]}}