{"id":17888,"date":"2024-07-17T19:26:08","date_gmt":"2024-07-17T19:26:08","guid":{"rendered":"https:\/\/lpfch.org\/?p=17888"},"modified":"2025-05-22T21:22:04","modified_gmt":"2025-05-22T21:22:04","slug":"accessing-pediatric-subspecialty-care-in-california","status":"publish","type":"post","link":"https:\/\/lpfch.org\/vi\/impact-stories\/accessing-pediatric-subspecialty-care-in-california\/","title":{"rendered":"Ti\u1ebfp c\u1eadn d\u1ecbch v\u1ee5 ch\u0103m s\u00f3c chuy\u00ean khoa nhi t\u1ea1i California"},"content":{"rendered":"<p><span data-contrast=\"auto\">Tr\u1ebb em v\u00e0 thanh thi\u1ebfu ni\u00ean c\u00f3 nhu c\u1ea7u ch\u0103m s\u00f3c s\u1ee9c kh\u1ecfe \u0111\u1eb7c bi\u1ec7t (CYSHCN) th\u01b0\u1eddng c\u1ea7n \u0111\u01b0\u1ee3c ch\u0103m s\u00f3c b\u1edfi nhi\u1ec1u b\u00e1c s\u0129 chuy\u00ean khoa nhi. Do thi\u1ebfu h\u1ee5t c\u00e1c b\u00e1c s\u0129 n\u00e0y, c\u00e1c gia \u0111\u00ecnh c\u00f3 th\u1ec3 ph\u1ea3i ch\u1edd \u0111\u1ee3i h\u00e0ng th\u00e1ng tr\u1eddi. <\/span><span data-contrast=\"auto\">ban \u0111\u1ea7u<\/span><span data-contrast=\"auto\"> th\u0103m kh\u00e1m, v\u00e0 h\u1ecd c\u00f3 th\u1ec3 ph\u1ea3i di chuy\u1ec3n qu\u00e3ng \u0111\u01b0\u1eddng d\u00e0i \u0111\u1ec3 \u0111\u1ebfn c\u00e1c cu\u1ed9c h\u1eb9n. S\u1ef1 ch\u1eadm tr\u1ec5 trong vi\u1ec7c ch\u0103m s\u00f3c n\u00e0y c\u00f3 th\u1ec3 g\u00e2y ra nh\u1eefng kh\u00f3 kh\u0103n \u0111\u00e1ng k\u1ec3 cho cha m\u1eb9 v\u00e0 ng\u01b0\u1eddi ch\u0103m s\u00f3c, \u0111\u1ed3ng th\u1eddi c\u00f3 th\u1ec3 \u1ea3nh h\u01b0\u1edfng ti\u00eau c\u1ef1c \u0111\u1ebfn k\u1ebft qu\u1ea3 s\u1ee9c kh\u1ecfe c\u1ee7a CYSHCN. <\/span><\/p>\n<p><span data-contrast=\"auto\">\u0110\u1ec3 hi\u1ec3u r\u00f5 h\u01a1n v\u1ec1 v\u1ea5n \u0111\u1ec1 \u1edf California, Qu\u1ef9 c\u1ee7a ch\u00fang t\u00f4i \u0111\u00e3 h\u1ed7 tr\u1ee3 m\u1ed9t nh\u00f3m c\u00e1c nh\u00e0 nghi\u00ean c\u1ee9u, h\u1ee3p t\u00e1c v\u1edbi <a href=\"#partners\">c\u00e1c t\u1ed5 ch\u1ee9c gia \u0111\u00ecnh, nh\u00e0 cung c\u1ea5p v\u00e0 b\u1ec7nh vi\u1ec7n tr\u00ean to\u00e0n ti\u1ec3u bang<\/a>, \u0111\u1ec3 kh\u1ea3o s\u00e1t c\u00e1c b\u00e1c s\u0129 chuy\u00ean khoa nhi v\u00e0 gia \u0111\u00ecnh c\u1ee7a CYSHCN v\u1ec1 vi\u1ec7c ti\u1ebfp c\u1eadn d\u1ecbch v\u1ee5 ch\u0103m s\u00f3c s\u1ee9c kh\u1ecfe t\u1ea1i ti\u1ec3u bang c\u1ee7a ch\u00fang t\u00f4i. <\/span><\/p>\n<p><span data-contrast=\"auto\">C\u00e1c ngu\u1ed3n l\u1ef1c thu \u0111\u01b0\u1ee3c cung c\u1ea5p c\u00e1i nh\u00ecn s\u00e2u s\u1eafc v\u1ec1 c\u00e1c \u0111\u1ed9ng l\u1ef1c c\u1ee7a t\u00ecnh tr\u1ea1ng thi\u1ebfu h\u1ee5t, t\u00e1c \u0111\u1ed9ng \u0111\u1ebfn CYSHCN v\u00e0 gia \u0111\u00ecnh c\u1ee7a h\u1ecd, c\u0169ng nh\u01b0 c\u00e1c h\u00e0m \u00fd ch\u00ednh s\u00e1ch<\/span><span data-contrast=\"auto\"> cho California v\u00e0 xa h\u01a1n n\u1eefa<\/span><span data-contrast=\"auto\">.<\/span><\/p>\n<p><strong>Quan \u0111i\u1ec3m c\u1ee7a nh\u00e0 cung c\u1ea5p<\/strong><\/p>\n<ul>\n<li><a href=\"https:\/\/lpfch.org\/resource\/californias-children-need-access-to-pediatric-subspecialists\/\">T\u1edc TH\u00d4NG TIN: Tr\u1ebb em California c\u1ea7n \u0111\u01b0\u1ee3c ti\u1ebfp c\u1eadn v\u1edbi c\u00e1c b\u00e1c s\u0129 chuy\u00ean khoa nhi<\/a><\/li>\n<li><a href=\"https:\/\/lpfch.org\/resource\/access-to-pediatric-specialty-care-in-california-results-of-the-childrens-specialty-care-coalition-2022-member-survey\/\">B\u00c1O C\u00c1O: Ti\u1ebfp c\u1eadn d\u1ecbch v\u1ee5 ch\u0103m s\u00f3c chuy\u00ean khoa nhi khoa t\u1ea1i California: K\u1ebft qu\u1ea3 Kh\u1ea3o s\u00e1t th\u00e0nh vi\u00ean Li\u00ean minh ch\u0103m s\u00f3c chuy\u00ean khoa nhi khoa n\u0103m 2022<\/a><\/li>\n<li><a href=\"https:\/\/lpfch.org\/resource\/pediatric-subspecialty-physician-workforce-a-growing-crisis\/\">T\u00d3M T\u1eaeT L\u1eacP PH\u00c1P: L\u1ef1c l\u01b0\u1ee3ng b\u00e1c s\u0129 chuy\u00ean khoa nhi: M\u1ed9t cu\u1ed9c kh\u1ee7ng ho\u1ea3ng ng\u00e0y c\u00e0ng gia t\u0103ng<\/a><\/li>\n<\/ul>\n<p><strong>Quan \u0111i\u1ec3m c\u1ee7a ng\u01b0\u1eddi ch\u0103m s\u00f3c v\u00e0 gia \u0111\u00ecnh<\/strong><\/p>\n<ul>\n<li><a href=\"https:\/\/lpfch.org\/resource\/access-to-care-in-california-the-cyshcn-family-experience\/\">T\u1edc TH\u00d4NG TIN: Ti\u1ebfp c\u1eadn d\u1ecbch v\u1ee5 ch\u0103m s\u00f3c t\u1ea1i California: Tr\u1ea3i nghi\u1ec7m c\u1ee7a gia \u0111\u00ecnh CYSHCN<\/a><\/li>\n<li><a href=\"https:\/\/lpfch.org\/resource\/travel-time-and-family-preferences-for-in-person-care\/\">T\u1edc TH\u00d4NG TIN: Th\u1eddi gian di chuy\u1ec3n v\u00e0 s\u1edf th\u00edch c\u1ee7a gia \u0111\u00ecnh \u0111\u1ed1i v\u1edbi vi\u1ec7c ch\u0103m s\u00f3c tr\u1ef1c ti\u1ebfp<\/a><\/li>\n<li><a href=\"https:\/\/lpfch.org\/resource\/pediatric-subspecialty-care-access-california-survey-methods\/\">PH\u01af\u01a0NG PH\u00c1P KH\u1ea2O S\u00c1T: S\u1ef1 ch\u1eadm tr\u1ec5 trong vi\u1ec7c ti\u1ebfp c\u1eadn d\u1ecbch v\u1ee5 ch\u0103m s\u00f3c chuy\u00ean khoa nhi t\u1ea1i California<\/a><\/li>\n<\/ul>\n<p><strong>Th\u00eam t\u1eeb l\u0129nh v\u1ef1c n\u00e0y<\/strong><\/p>\n<ul>\n<li><a href=\"https:\/\/jamanetwork.com\/journals\/jama\/article-abstract\/2820548\" target=\"_blank\" rel=\"noopener\">Quan \u0111i\u1ec3m: C\u00e1c b\u00e1c s\u0129 nhi khoa \u1edf \u0111\u00e2u?<\/a> (<em>T\u1ea1p ch\u00ed c\u1ee7a Hi\u1ec7p h\u1ed9i Y khoa Hoa K\u1ef3, <\/em>7\/3\/24; y\u00eau c\u1ea7u \u0111\u0103ng nh\u1eadp mi\u1ec5n ph\u00ed \u0111\u1ec3 xem to\u00e0n v\u0103n)<\/li>\n<li><a href=\"https:\/\/www.nytimes.com\/2024\/07\/01\/opinion\/pediatrician-shortage.html\" target=\"_blank\" rel=\"noopener\">\u00dd ki\u1ebfn: T\u1ea1i sao b\u00e1c s\u0129 kh\u00f4ng chuy\u1ec3n sang nhi khoa<\/a> (<em>T\u1edd New York Times,<\/em> 7\/1\/24; y\u00eau c\u1ea7u \u0111\u0103ng nh\u1eadp mi\u1ec5n ph\u00ed)<\/li>\n<li><a href=\"https:\/\/www.calhealthreport.org\/2024\/04\/29\/california-kids-wait-months-or-years-for-specialty-care-heres-what-would-help\/\" target=\"_blank\" rel=\"noopener\">Tr\u1ebb em California ph\u1ea3i ch\u1edd \u0111\u1ee3i nhi\u1ec1u th\u00e1ng ho\u1eb7c nhi\u1ec1u n\u0103m \u0111\u1ec3 \u0111\u01b0\u1ee3c ch\u0103m s\u00f3c \u0111\u1eb7c bi\u1ec7t. \u0110\u00e2y l\u00e0 nh\u1eefng g\u00ec c\u00f3 th\u1ec3 gi\u00fap \u00edch<\/a> (<em>B\u00e1o c\u00e1o Y t\u1ebf California,<\/em> 4\/29\/24)<\/li>\n<li><a href=\"https:\/\/nap.nationalacademies.org\/catalog\/27207\/the-future-pediatric-subspecialty-physician-workforce-meeting-the-needs-of\" target=\"_blank\" rel=\"noopener\">L\u1ef1c l\u01b0\u1ee3ng lao \u0111\u1ed9ng b\u00e1c s\u0129 nhi khoa chuy\u00ean khoa t\u01b0\u01a1ng lai: \u0110\u00e1p \u1ee9ng nhu c\u1ea7u c\u1ee7a tr\u1ebb s\u01a1 sinh, tr\u1ebb em v\u00e0 thanh thi\u1ebfu ni\u00ean<\/a> (Vi\u1ec7n H\u00e0n l\u00e2m Khoa h\u1ecdc, K\u1ef9 thu\u1eadt v\u00e0 Y h\u1ecdc Qu\u1ed1c gia, 2023)<\/li>\n<\/ul>\n<p><a name=\"partners\"><\/a><br \/>\n<strong>\u0110\u1ed1i t\u00e1c \u0111\u00f3ng g\u00f3p<\/strong><\/p>\n<p><a href=\"https:\/\/childrens-coalition.org\/\" target=\"_blank\" rel=\"noopener\">Li\u00ean minh ch\u0103m s\u00f3c \u0111\u1eb7c bi\u1ec7t tr\u1ebb em<\/a><\/p>\n<p><a href=\"https:\/\/www.ccha.org\/\" target=\"_blank\" rel=\"noopener\">Hi\u1ec7p h\u1ed9i B\u1ec7nh vi\u1ec7n Nhi California<\/a><\/p>\n<p><a href=\"https:\/\/practical-research-solutions.jimdosite.com\/\" target=\"_blank\" rel=\"noopener\">Gi\u1ea3i ph\u00e1p nghi\u00ean c\u1ee9u th\u1ef1c ti\u1ec5n (Tali Klima)<\/a><\/p>\n<p><a href=\"https:\/\/cepc.ucsf.edu\/\" target=\"_blank\" rel=\"noopener\">\u0110\u1ea1i h\u1ecdc California San Francisco \u2013 Trung t\u00e2m Xu\u1ea5t s\u1eafc trong Ch\u0103m s\u00f3c S\u1ee9c kh\u1ecfe Ban \u0111\u1ea7u<\/a><\/p>\n<p><a href=\"https:\/\/frcnca.org\/\" target=\"_blank\" rel=\"noopener\">M\u1ea1ng l\u01b0\u1edbi Trung t\u00e2m T\u00e0i nguy\u00ean Gia \u0111\u00ecnh California<\/a><\/p>\n<p>&nbsp;<\/p>\n<p><a href=\"https:\/\/lpfch.org\/program-for-children-and-youth-with-special-health-care-needs\/\"><strong>T\u00ecm hi\u1ec3u th\u00eam v\u1ec1 Ch\u01b0\u01a1ng tr\u00ecnh d\u00e0nh cho Tr\u1ebb em v\u00e0 Thanh thi\u1ebfu ni\u00ean c\u00f3 Nhu c\u1ea7u Ch\u0103m s\u00f3c S\u1ee9c kh\u1ecfe \u0110\u1eb7c bi\u1ec7t.<\/strong><\/a><\/p>\n<figure class=\"no-caption\"><\/figure>","protected":false},"excerpt":{"rendered":"<p>Tr\u1ebb em v\u00e0 thanh thi\u1ebfu ni\u00ean c\u00f3 nhu c\u1ea7u ch\u0103m s\u00f3c s\u1ee9c kh\u1ecfe \u0111\u1eb7c bi\u1ec7t (CYSHCN) th\u01b0\u1eddng c\u1ea7n \u0111\u01b0\u1ee3c ch\u0103m s\u00f3c b\u1edfi nhi\u1ec1u b\u00e1c s\u0129 chuy\u00ean khoa nhi. Do thi\u1ebfu h\u1ee5t c\u00e1c b\u00e1c s\u0129 n\u00e0y, c\u00e1c gia \u0111\u00ecnh c\u00f3 th\u1ec3\u2026<\/p>","protected":false},"author":11,"featured_media":17893,"comment_status":"open","ping_status":"open","sticky":false,"template":"","format":"standard","meta":{"_acf_changed":false,"_relevanssi_hide_post":"","_relevanssi_hide_content":"","_relevanssi_pin_for_all":"","_relevanssi_pin_keywords":"","_relevanssi_unpin_keywords":"","_relevanssi_related_keywords":"","_relevanssi_related_include_ids":"","_relevanssi_related_exclude_ids":"","_relevanssi_related_no_append":"","_relevanssi_related_not_related":"","_relevanssi_related_posts":"","_relevanssi_noindex_reason":"","footnotes":""},"categories":[20],"class_list":["post-17888","post","type-post","status-publish","format-standard","has-post-thumbnail","hentry","category-cyshcn-stories"],"acf":[],"yoast_head":"<!-- This site is optimized with the Yoast SEO Premium plugin v27.3 (Yoast SEO v27.3) - https:\/\/yoast.com\/product\/yoast-seo-premium-wordpress\/ -->\n<title>Accessing Pediatric Subspecialty Care in California - Lucile Packard Foundation for Children&#039;s Health<\/title>\n<meta name=\"description\" content=\"Insight into the drivers of the pediatric subspecialist shortage in California, the impacts on CYSHCN and their families, and policy implications for California and beyond.\" \/>\n<meta name=\"robots\" content=\"index, follow, max-snippet:-1, max-image-preview:large, max-video-preview:-1\" \/>\n<link rel=\"canonical\" href=\"https:\/\/lpfch.org\/vi\/impact-stories\/accessing-pediatric-subspecialty-care-in-california\/\" \/>\n<meta property=\"og:locale\" content=\"vi_VN\" \/>\n<meta property=\"og:type\" content=\"article\" \/>\n<meta property=\"og:title\" content=\"Accessing Pediatric Subspecialty Care in California\" \/>\n<meta property=\"og:description\" content=\"Insight into the drivers of the pediatric subspecialist shortage in California, the impacts on CYSHCN and their families, and policy implications for California and beyond.\" \/>\n<meta property=\"og:url\" content=\"https:\/\/lpfch.org\/vi\/impact-stories\/accessing-pediatric-subspecialty-care-in-california\/\" \/>\n<meta property=\"og:site_name\" content=\"Lucile Packard Foundation for Children&#039;s Health\" \/>\n<meta property=\"article:published_time\" content=\"2024-07-17T19:26:08+00:00\" \/>\n<meta property=\"article:modified_time\" content=\"2025-05-22T21:22:04+00:00\" \/>\n<meta property=\"og:image\" content=\"https:\/\/lpfch.org\/wp-content\/uploads\/2024\/07\/access-to-care-hero_sm-e1721147512116-1024x512.png\" \/>\n\t<meta property=\"og:image:width\" content=\"1024\" \/>\n\t<meta property=\"og:image:height\" content=\"512\" \/>\n\t<meta property=\"og:image:type\" content=\"image\/png\" \/>\n<meta name=\"author\" content=\"kristen.rogers\" \/>\n<meta name=\"twitter:card\" content=\"summary_large_image\" \/>\n<meta name=\"twitter:label1\" content=\"Written by\" \/>\n\t<meta name=\"twitter:data1\" content=\"kristen.rogers\" \/>\n\t<meta name=\"twitter:label2\" content=\"Est. reading time\" \/>\n\t<meta name=\"twitter:data2\" content=\"2 minutes\" \/>\n<script type=\"application\/ld+json\" class=\"yoast-schema-graph\">{\"@context\":\"https:\\\/\\\/schema.org\",\"@graph\":[{\"@type\":\"Article\",\"@id\":\"https:\\\/\\\/lpfch.org\\\/ru\\\/impact-stories\\\/accessing-pediatric-subspecialty-care-in-california\\\/#article\",\"isPartOf\":{\"@id\":\"https:\\\/\\\/lpfch.org\\\/ru\\\/impact-stories\\\/accessing-pediatric-subspecialty-care-in-california\\\/\"},\"author\":{\"name\":\"kristen.rogers\",\"@id\":\"https:\\\/\\\/lpfch.org\\\/km\\\/#\\\/schema\\\/person\\\/af73e9f4f8b204670c7b1260f627e912\"},\"headline\":\"Accessing Pediatric Subspecialty Care in California\",\"datePublished\":\"2024-07-17T19:26:08+00:00\",\"dateModified\":\"2025-05-22T21:22:04+00:00\",\"mainEntityOfPage\":{\"@id\":\"https:\\\/\\\/lpfch.org\\\/ru\\\/impact-stories\\\/accessing-pediatric-subspecialty-care-in-california\\\/\"},\"wordCount\":332,\"commentCount\":0,\"image\":{\"@id\":\"https:\\\/\\\/lpfch.org\\\/ru\\\/impact-stories\\\/accessing-pediatric-subspecialty-care-in-california\\\/#primaryimage\"},\"thumbnailUrl\":\"https:\\\/\\\/lpfch.org\\\/wp-content\\\/uploads\\\/2024\\\/07\\\/access-to-care-hero_sm-e1721147512116.png\",\"articleSection\":[\"CYSHCN Stories\"],\"inLanguage\":\"vi\",\"potentialAction\":[{\"@type\":\"CommentAction\",\"name\":\"Comment\",\"target\":[\"https:\\\/\\\/lpfch.org\\\/ru\\\/impact-stories\\\/accessing-pediatric-subspecialty-care-in-california\\\/#respond\"]}]},{\"@type\":\"WebPage\",\"@id\":\"https:\\\/\\\/lpfch.org\\\/ru\\\/impact-stories\\\/accessing-pediatric-subspecialty-care-in-california\\\/\",\"url\":\"https:\\\/\\\/lpfch.org\\\/ru\\\/impact-stories\\\/accessing-pediatric-subspecialty-care-in-california\\\/\",\"name\":\"Accessing Pediatric Subspecialty Care in California - Lucile Packard Foundation for Children&#039;s Health\",\"isPartOf\":{\"@id\":\"https:\\\/\\\/lpfch.org\\\/km\\\/#website\"},\"primaryImageOfPage\":{\"@id\":\"https:\\\/\\\/lpfch.org\\\/ru\\\/impact-stories\\\/accessing-pediatric-subspecialty-care-in-california\\\/#primaryimage\"},\"image\":{\"@id\":\"https:\\\/\\\/lpfch.org\\\/ru\\\/impact-stories\\\/accessing-pediatric-subspecialty-care-in-california\\\/#primaryimage\"},\"thumbnailUrl\":\"https:\\\/\\\/lpfch.org\\\/wp-content\\\/uploads\\\/2024\\\/07\\\/access-to-care-hero_sm-e1721147512116.png\",\"datePublished\":\"2024-07-17T19:26:08+00:00\",\"dateModified\":\"2025-05-22T21:22:04+00:00\",\"author\":{\"@id\":\"https:\\\/\\\/lpfch.org\\\/km\\\/#\\\/schema\\\/person\\\/af73e9f4f8b204670c7b1260f627e912\"},\"description\":\"Insight into the drivers of the pediatric subspecialist shortage in California, the impacts on CYSHCN and their families, and policy implications for California and beyond.\",\"breadcrumb\":{\"@id\":\"https:\\\/\\\/lpfch.org\\\/ru\\\/impact-stories\\\/accessing-pediatric-subspecialty-care-in-california\\\/#breadcrumb\"},\"inLanguage\":\"vi\",\"potentialAction\":[{\"@type\":\"ReadAction\",\"target\":[\"https:\\\/\\\/lpfch.org\\\/ru\\\/impact-stories\\\/accessing-pediatric-subspecialty-care-in-california\\\/\"]}]},{\"@type\":\"ImageObject\",\"inLanguage\":\"vi\",\"@id\":\"https:\\\/\\\/lpfch.org\\\/ru\\\/impact-stories\\\/accessing-pediatric-subspecialty-care-in-california\\\/#primaryimage\",\"url\":\"https:\\\/\\\/lpfch.org\\\/wp-content\\\/uploads\\\/2024\\\/07\\\/access-to-care-hero_sm-e1721147512116.png\",\"contentUrl\":\"https:\\\/\\\/lpfch.org\\\/wp-content\\\/uploads\\\/2024\\\/07\\\/access-to-care-hero_sm-e1721147512116.png\",\"width\":1200,\"height\":600,\"caption\":\"Stock photo of female physician's hands placing a stethoscope on a child's belly.\"},{\"@type\":\"BreadcrumbList\",\"@id\":\"https:\\\/\\\/lpfch.org\\\/ru\\\/impact-stories\\\/accessing-pediatric-subspecialty-care-in-california\\\/#breadcrumb\",\"itemListElement\":[{\"@type\":\"ListItem\",\"position\":1,\"name\":\"Home\",\"item\":\"https:\\\/\\\/lpfch.org\\\/\"},{\"@type\":\"ListItem\",\"position\":2,\"name\":\"Accessing Pediatric&hellip;\"}]},{\"@type\":\"WebSite\",\"@id\":\"https:\\\/\\\/lpfch.org\\\/km\\\/#website\",\"url\":\"https:\\\/\\\/lpfch.org\\\/km\\\/\",\"name\":\"Lucile Packard Foundation for Children&#039;s Health\",\"description\":\"\",\"potentialAction\":[{\"@type\":\"SearchAction\",\"target\":{\"@type\":\"EntryPoint\",\"urlTemplate\":\"https:\\\/\\\/lpfch.org\\\/km\\\/?s={search_term_string}\"},\"query-input\":{\"@type\":\"PropertyValueSpecification\",\"valueRequired\":true,\"valueName\":\"search_term_string\"}}],\"inLanguage\":\"vi\"},{\"@type\":\"Person\",\"@id\":\"https:\\\/\\\/lpfch.org\\\/km\\\/#\\\/schema\\\/person\\\/af73e9f4f8b204670c7b1260f627e912\",\"name\":\"kristen.rogers\",\"image\":{\"@type\":\"ImageObject\",\"inLanguage\":\"vi\",\"@id\":\"https:\\\/\\\/secure.gravatar.com\\\/avatar\\\/4453befe596cd394fc8fa94665792adf55d8b92fba296aeb37c4f3d0b9a52b19?s=96&d=mm&r=g\",\"url\":\"https:\\\/\\\/secure.gravatar.com\\\/avatar\\\/4453befe596cd394fc8fa94665792adf55d8b92fba296aeb37c4f3d0b9a52b19?s=96&d=mm&r=g\",\"contentUrl\":\"https:\\\/\\\/secure.gravatar.com\\\/avatar\\\/4453befe596cd394fc8fa94665792adf55d8b92fba296aeb37c4f3d0b9a52b19?s=96&d=mm&r=g\",\"caption\":\"kristen.rogers\"},\"url\":\"https:\\\/\\\/lpfch.org\\\/vi\\\/impact-stories\\\/author\\\/kristen-rogers\\\/\"}]}<\/script>\n<!-- \/ Yoast SEO Premium plugin. -->","yoast_head_json":{"title":"Ti\u1ebfp c\u1eadn d\u1ecbch v\u1ee5 ch\u0103m s\u00f3c chuy\u00ean khoa nhi t\u1ea1i California - Qu\u1ef9 Lucile Packard v\u00ec s\u1ee9c kh\u1ecfe tr\u1ebb em","description":"Hi\u1ec3u bi\u1ebft s\u00e2u s\u1eafc v\u1ec1 nguy\u00ean nh\u00e2n d\u1eabn \u0111\u1ebfn t\u00ecnh tr\u1ea1ng thi\u1ebfu b\u00e1c s\u0129 chuy\u00ean khoa nhi \u1edf California, t\u00e1c \u0111\u1ed9ng \u0111\u1ebfn CYSHCN v\u00e0 gia \u0111\u00ecnh h\u1ecd, c\u0169ng nh\u01b0 \u00fd ngh\u0129a v\u1ec1 m\u1eb7t ch\u00ednh s\u00e1ch \u0111\u1ed1i v\u1edbi California v\u00e0 nhi\u1ec1u n\u01a1i kh\u00e1c.","robots":{"index":"index","follow":"follow","max-snippet":"max-snippet:-1","max-image-preview":"max-image-preview:large","max-video-preview":"max-video-preview:-1"},"canonical":"https:\/\/lpfch.org\/vi\/impact-stories\/accessing-pediatric-subspecialty-care-in-california\/","og_locale":"vi_VN","og_type":"article","og_title":"Accessing Pediatric Subspecialty Care in California","og_description":"Insight into the drivers of the pediatric subspecialist shortage in California, the impacts on CYSHCN and their families, and policy implications for California and beyond.","og_url":"https:\/\/lpfch.org\/vi\/impact-stories\/accessing-pediatric-subspecialty-care-in-california\/","og_site_name":"Lucile Packard Foundation for Children&#039;s Health","article_published_time":"2024-07-17T19:26:08+00:00","article_modified_time":"2025-05-22T21:22:04+00:00","og_image":[{"width":1024,"height":512,"url":"https:\/\/lpfch.org\/wp-content\/uploads\/2024\/07\/access-to-care-hero_sm-e1721147512116-1024x512.png","type":"image\/png"}],"author":"kristen.rogers","twitter_card":"summary_large_image","twitter_misc":{"Written by":"kristen.rogers","Est. reading time":"2 minutes"},"schema":{"@context":"https:\/\/schema.org","@graph":[{"@type":"Article","@id":"https:\/\/lpfch.org\/ru\/impact-stories\/accessing-pediatric-subspecialty-care-in-california\/#article","isPartOf":{"@id":"https:\/\/lpfch.org\/ru\/impact-stories\/accessing-pediatric-subspecialty-care-in-california\/"},"author":{"name":"kristen.rogers","@id":"https:\/\/lpfch.org\/km\/#\/schema\/person\/af73e9f4f8b204670c7b1260f627e912"},"headline":"Accessing Pediatric Subspecialty Care in California","datePublished":"2024-07-17T19:26:08+00:00","dateModified":"2025-05-22T21:22:04+00:00","mainEntityOfPage":{"@id":"https:\/\/lpfch.org\/ru\/impact-stories\/accessing-pediatric-subspecialty-care-in-california\/"},"wordCount":332,"commentCount":0,"image":{"@id":"https:\/\/lpfch.org\/ru\/impact-stories\/accessing-pediatric-subspecialty-care-in-california\/#primaryimage"},"thumbnailUrl":"https:\/\/lpfch.org\/wp-content\/uploads\/2024\/07\/access-to-care-hero_sm-e1721147512116.png","articleSection":["CYSHCN Stories"],"inLanguage":"vi","potentialAction":[{"@type":"CommentAction","name":"Comment","target":["https:\/\/lpfch.org\/ru\/impact-stories\/accessing-pediatric-subspecialty-care-in-california\/#respond"]}]},{"@type":"WebPage","@id":"https:\/\/lpfch.org\/ru\/impact-stories\/accessing-pediatric-subspecialty-care-in-california\/","url":"https:\/\/lpfch.org\/ru\/impact-stories\/accessing-pediatric-subspecialty-care-in-california\/","name":"Ti\u1ebfp c\u1eadn d\u1ecbch v\u1ee5 ch\u0103m s\u00f3c chuy\u00ean khoa nhi t\u1ea1i California - Qu\u1ef9 Lucile Packard v\u00ec s\u1ee9c kh\u1ecfe tr\u1ebb em","isPartOf":{"@id":"https:\/\/lpfch.org\/km\/#website"},"primaryImageOfPage":{"@id":"https:\/\/lpfch.org\/ru\/impact-stories\/accessing-pediatric-subspecialty-care-in-california\/#primaryimage"},"image":{"@id":"https:\/\/lpfch.org\/ru\/impact-stories\/accessing-pediatric-subspecialty-care-in-california\/#primaryimage"},"thumbnailUrl":"https:\/\/lpfch.org\/wp-content\/uploads\/2024\/07\/access-to-care-hero_sm-e1721147512116.png","datePublished":"2024-07-17T19:26:08+00:00","dateModified":"2025-05-22T21:22:04+00:00","author":{"@id":"https:\/\/lpfch.org\/km\/#\/schema\/person\/af73e9f4f8b204670c7b1260f627e912"},"description":"Hi\u1ec3u bi\u1ebft s\u00e2u s\u1eafc v\u1ec1 nguy\u00ean nh\u00e2n d\u1eabn \u0111\u1ebfn t\u00ecnh tr\u1ea1ng thi\u1ebfu b\u00e1c s\u0129 chuy\u00ean khoa nhi \u1edf California, t\u00e1c \u0111\u1ed9ng \u0111\u1ebfn CYSHCN v\u00e0 gia \u0111\u00ecnh h\u1ecd, c\u0169ng nh\u01b0 \u00fd ngh\u0129a v\u1ec1 m\u1eb7t ch\u00ednh s\u00e1ch \u0111\u1ed1i v\u1edbi California v\u00e0 nhi\u1ec1u n\u01a1i kh\u00e1c.","breadcrumb":{"@id":"https:\/\/lpfch.org\/ru\/impact-stories\/accessing-pediatric-subspecialty-care-in-california\/#breadcrumb"},"inLanguage":"vi","potentialAction":[{"@type":"ReadAction","target":["https:\/\/lpfch.org\/ru\/impact-stories\/accessing-pediatric-subspecialty-care-in-california\/"]}]},{"@type":"ImageObject","inLanguage":"vi","@id":"https:\/\/lpfch.org\/ru\/impact-stories\/accessing-pediatric-subspecialty-care-in-california\/#primaryimage","url":"https:\/\/lpfch.org\/wp-content\/uploads\/2024\/07\/access-to-care-hero_sm-e1721147512116.png","contentUrl":"https:\/\/lpfch.org\/wp-content\/uploads\/2024\/07\/access-to-care-hero_sm-e1721147512116.png","width":1200,"height":600,"caption":"Stock photo of female physician's hands placing a stethoscope on a child's belly."},{"@type":"BreadcrumbList","@id":"https:\/\/lpfch.org\/ru\/impact-stories\/accessing-pediatric-subspecialty-care-in-california\/#breadcrumb","itemListElement":[{"@type":"ListItem","position":1,"name":"Home","item":"https:\/\/lpfch.org\/"},{"@type":"ListItem","position":2,"name":"Accessing Pediatric&hellip;"}]},{"@type":"WebSite","@id":"https:\/\/lpfch.org\/km\/#website","url":"https:\/\/lpfch.org\/km\/","name":"Qu\u1ef9 Lucile Packard v\u00ec S\u1ee9c kh\u1ecfe Tr\u1ebb em","description":"","potentialAction":[{"@type":"SearchAction","target":{"@type":"EntryPoint","urlTemplate":"https:\/\/lpfch.org\/km\/?s={search_term_string}"},"query-input":{"@type":"PropertyValueSpecification","valueRequired":true,"valueName":"search_term_string"}}],"inLanguage":"vi"},{"@type":"Person","@id":"https:\/\/lpfch.org\/km\/#\/schema\/person\/af73e9f4f8b204670c7b1260f627e912","name":"kristen.rogers","image":{"@type":"ImageObject","inLanguage":"vi","@id":"https:\/\/secure.gravatar.com\/avatar\/4453befe596cd394fc8fa94665792adf55d8b92fba296aeb37c4f3d0b9a52b19?s=96&d=mm&r=g","url":"https:\/\/secure.gravatar.com\/avatar\/4453befe596cd394fc8fa94665792adf55d8b92fba296aeb37c4f3d0b9a52b19?s=96&d=mm&r=g","contentUrl":"https:\/\/secure.gravatar.com\/avatar\/4453befe596cd394fc8fa94665792adf55d8b92fba296aeb37c4f3d0b9a52b19?s=96&d=mm&r=g","caption":"kristen.rogers"},"url":"https:\/\/lpfch.org\/vi\/impact-stories\/author\/kristen-rogers\/"}]}},"_links":{"self":[{"href":"https:\/\/lpfch.org\/vi\/wp-json\/wp\/v2\/posts\/17888","targetHints":{"allow":["GET"]}}],"collection":[{"href":"https:\/\/lpfch.org\/vi\/wp-json\/wp\/v2\/posts"}],"about":[{"href":"https:\/\/lpfch.org\/vi\/wp-json\/wp\/v2\/types\/post"}],"author":[{"embeddable":true,"href":"https:\/\/lpfch.org\/vi\/wp-json\/wp\/v2\/users\/11"}],"replies":[{"embeddable":true,"href":"https:\/\/lpfch.org\/vi\/wp-json\/wp\/v2\/comments?post=17888"}],"version-history":[{"count":4,"href":"https:\/\/lpfch.org\/vi\/wp-json\/wp\/v2\/posts\/17888\/revisions"}],"predecessor-version":[{"id":21134,"href":"https:\/\/lpfch.org\/vi\/wp-json\/wp\/v2\/posts\/17888\/revisions\/21134"}],"wp:featuredmedia":[{"embeddable":true,"href":"https:\/\/lpfch.org\/vi\/wp-json\/wp\/v2\/media\/17893"}],"wp:attachment":[{"href":"https:\/\/lpfch.org\/vi\/wp-json\/wp\/v2\/media?parent=17888"}],"wp:term":[{"taxonomy":"category","embeddable":true,"href":"https:\/\/lpfch.org\/vi\/wp-json\/wp\/v2\/categories?post=17888"}],"curies":[{"name":"wp","href":"https:\/\/api.w.org\/{rel}","templated":true}]}}