{"id":23096,"date":"2026-01-23T09:58:21","date_gmt":"2026-01-23T17:58:21","guid":{"rendered":"https:\/\/lpfch.org\/?p=23096"},"modified":"2026-01-23T13:03:37","modified_gmt":"2026-01-23T21:03:37","slug":"brad-geier-joins-lucile-packard-foundation-board-of-directors","status":"publish","type":"post","link":"https:\/\/lpfch.org\/vi\/impact-stories\/brad-geier-joins-lucile-packard-foundation-board-of-directors\/","title":{"rendered":"Brad Geier mang m\u1ed1i li\u00ean h\u1ec7 v\u1edbi Stanford v\u00e0o h\u1ed9i \u0111\u1ed3ng qu\u1ea3n tr\u1ecb c\u1ee7a Qu\u1ef9 Lucile Packard v\u00ec S\u1ee9c kh\u1ecfe Tr\u1ebb em.\u00a0"},"content":{"rendered":"<p>&nbsp;<\/p>\n<p><span data-contrast=\"auto\">Qu\u1ef9 Lucile Packard v\u00ec S\u1ee9c kh\u1ecfe Tr\u1ebb em h\u00e2n h\u1ea1nh ch\u00e0o \u0111\u00f3n \u00f4ng Brad Geier, ch\u1ee7 t\u1ecbch h\u1ed9i \u0111\u1ed3ng qu\u1ea3n tr\u1ecb c\u1ee7a B\u1ec7nh vi\u1ec7n Nhi Lucile Packard Stanford, gia nh\u1eadp H\u1ed9i \u0111\u1ed3ng qu\u1ea3n tr\u1ecb c\u1ee7a m\u00ecnh.<\/span><span data-ccp-props=\"{}\">\u00a0<\/span><\/p>\n<p><span data-contrast=\"auto\">\u00d4ng Geier gia nh\u1eadp h\u1ed9i \u0111\u1ed3ng qu\u1ea3n tr\u1ecb c\u1ee7a Qu\u1ef9 v\u00e0o ng\u00e0y 1 th\u00e1ng 1 v\u1edbi t\u01b0 c\u00e1ch l\u00e0 th\u00e0nh vi\u00ean \u0111\u01b0\u01a1ng nhi\u00ean, ph\u1ea3n \u00e1nh v\u1ecb tr\u00ed l\u00e3nh \u0111\u1ea1o c\u1ee7a \u00f4ng t\u1ea1i B\u1ec7nh vi\u1ec7n Nhi Packard, c\u0169ng b\u1eaft \u0111\u1ea7u t\u1eeb ng\u00e0y 1 th\u00e1ng 1. \u00d4ng \u0111\u01b0\u1ee3c b\u1ea7u v\u00e0o h\u1ed9i \u0111\u1ed3ng qu\u1ea3n tr\u1ecb c\u1ee7a b\u1ec7nh vi\u1ec7n v\u00e0o th\u00e1ng 1 n\u0103m 2020.<\/span><span data-ccp-props=\"{}\">\u00a0<\/span><\/p>\n<p><span data-contrast=\"auto\">L\u00e0 m\u1ed9t nh\u00e2n v\u1eadt \u0111\u01b0\u1ee3c k\u00ednh tr\u1ecdng trong l\u0129nh v\u1ef1c \u0111\u1ea7u t\u01b0 b\u1ea5t \u0111\u1ed9ng s\u1ea3n, Geier l\u00e0 ng\u01b0\u1eddi s\u00e1ng l\u1eadp, \u0111\u1ed3ng s\u1edf h\u1eefu v\u00e0 \u0111\u1ed3ng qu\u1ea3n l\u00fd c\u1ee7a Merlone Geier Partners. S\u1ef1 nghi\u1ec7p c\u1ee7a \u00f4ng bao g\u1ed3m c\u00e1c v\u1ecb tr\u00ed l\u00e3nh \u0111\u1ea1o c\u1ea5p cao \u0111\u00e1ng ch\u00fa \u00fd t\u1ea1i Trammell Crow Company v\u00e0 Taubman Company.<\/span><span data-ccp-props=\"{}\">\u00a0<\/span><\/p>\n<p><span data-contrast=\"auto\">\u201cBrad mang \u0111\u1ebfn s\u1ef1 k\u1ebft h\u1ee3p gi\u1eefa kh\u1ea3 n\u0103ng l\u00e3nh \u0111\u1ea1o chu \u0111\u00e1o, kinh nghi\u1ec7m trong h\u1ed9i \u0111\u1ed3ng qu\u1ea3n tr\u1ecb v\u00e0 cam k\u1ebft m\u1ea1nh m\u1ebd \u0111\u1ed1i v\u1edbi Stanford v\u00e0 B\u1ec7nh vi\u1ec7n Nhi Packard,\u201d b\u00e0 Susan Ford Dorsey, ch\u1ee7 t\u1ecbch h\u1ed9i \u0111\u1ed3ng qu\u1ea3n tr\u1ecb c\u1ee7a Qu\u1ef9, cho bi\u1ebft. \u201c\u00d4ng \u1ea5y hi\u1ec3u nh\u1eefng g\u00ec c\u1ea7n thi\u1ebft \u0111\u1ec3 x\u00e2y d\u1ef1ng c\u00e1c t\u1ed5 ch\u1ee9c v\u1eefng m\u1ea1nh, h\u01b0\u1edbng \u0111\u1ebfn s\u1ee9 m\u1ec7nh, v\u00e0 s\u1ef1 t\u1eadn t\u00e2m c\u1ed1ng hi\u1ebfn c\u1ee7a \u00f4ng \u1ea5y s\u1ebd l\u00e0 m\u1ed9t t\u00e0i s\u1ea3n qu\u00fd gi\u00e1 cho Qu\u1ef9 khi ch\u00fang t\u00f4i g\u00e2y qu\u1ef9 \u0111\u1ec3 h\u1ed7 tr\u1ee3 tr\u1ebb em v\u00e0 gia \u0111\u00ecnh trong c\u1ed9ng \u0111\u1ed3ng.\u201d\u00a0\u00a0<\/span><span data-ccp-props=\"{}\">\u00a0<\/span><\/p>\n<p><span data-contrast=\"auto\">\u00d4ng Geier v\u00e0 v\u1ee3, b\u00e0 Cathy, l\u00e0 nh\u1eefng ng\u01b0\u1eddi \u1ee7ng h\u1ed9 l\u00e2u n\u0103m c\u1ee7a B\u1ec7nh vi\u1ec7n Nhi Packard. G\u1ea7n \u0111\u00e2y, h\u1ecd \u0111\u00e3 t\u1eb7ng m\u1ed9t kho\u1ea3n ti\u1ec1n \u0111\u1ec3 h\u1ed7 tr\u1ee3 vi\u1ec7c c\u1ea3i t\u1ea1o T\u00f2a nh\u00e0 ph\u00eda T\u00e2y c\u1ee7a b\u1ec7nh vi\u1ec7n, nh\u1eb1m n\u00e2ng cao ch\u1ea5t l\u01b0\u1ee3ng ch\u0103m s\u00f3c cho c\u00e1c b\u00e0 m\u1eb9 v\u00e0 tr\u1ebb s\u01a1 sinh.\u00a0<\/span><span data-ccp-props=\"{}\">\u00a0<\/span><\/p>\n<p><span data-contrast=\"auto\">\u00d4ng Geier c\u00f3 m\u1ed1i li\u00ean h\u1ec7 m\u1eadt thi\u1ebft v\u1edbi \u0110\u1ea1i h\u1ecdc Stanford, n\u01a1i \u00f4ng t\u1ed1t nghi\u1ec7p c\u1eed nh\u00e2n ng\u00e0nh l\u1ecbch s\u1eed v\u00e0 t\u1eebng l\u00e0 th\u00e0nh vi\u00ean h\u1ed9i \u0111\u1ed3ng qu\u1ea3n tr\u1ecb c\u1ee7a tr\u01b0\u1eddng. \u00d4ng l\u00e0 m\u1ed9t th\u00e0nh vi\u00ean t\u00edch c\u1ef1c c\u1ee7a c\u1ed9ng \u0111\u1ed3ng Stanford, \u0111\u1ea3m nhi\u1ec7m nhi\u1ec1u vai tr\u00f2 l\u00e3nh \u0111\u1ea1o v\u00e0 t\u00ecnh nguy\u1ec7n, bao g\u1ed3m tham gia H\u1ed9i \u0111\u1ed3ng C\u1ed1 v\u1ea5n Ch\u01b0\u01a1ng tr\u00ecnh Du h\u1ecdc Bing v\u00e0 \u0111\u1ed3ng ch\u1ee7 t\u1ecbch H\u1ed9i \u0111\u1ed3ng C\u1ed1 v\u1ea5n Ph\u1ee5 huynh. Nh\u1eefng \u0111\u00f3ng g\u00f3p c\u1ee7a \u00f4ng \u0111\u00e3 mang l\u1ea1i cho \u00f4ng gi\u1ea3i th\u01b0\u1edfng danh gi\u00e1 Stanford Associates Governors&#039; Award v\u00ec nh\u1eefng \u0111\u00f3ng g\u00f3p t\u00ecnh nguy\u1ec7n xu\u1ea5t s\u1eafc.<\/span><span data-ccp-props=\"{}\">\u00a0<\/span><\/p>\n<p><span data-contrast=\"auto\">\u00d4ng Geier, ng\u01b0\u1eddi c\u00f3 b\u1eb1ng MBA t\u1eeb Tr\u01b0\u1eddng Kinh doanh Harvard, c\u0169ng t\u00edch c\u1ef1c tham gia v\u00e0o c\u00e1c h\u1ed9i \u0111\u1ed3ng t\u01b0 v\u1ea5n v\u00e0 gi\u00e1o d\u1ee5c kh\u00e1c. \u00d4ng l\u00e0 th\u00e0nh vi\u00ean c\u1ee7a H\u1ed9i \u0111\u1ed3ng C\u1ed1 v\u1ea5n Ch\u00ednh s\u00e1ch c\u1ee7a Trung t\u00e2m B\u1ea5t \u0111\u1ed9ng s\u1ea3n Burnham-Moores t\u1ea1i \u0110\u1ea1i h\u1ecdc San Diego, l\u00e0 gi\u00e1m \u0111\u1ed1c c\u1ee7a Positive Coaching Alliance, v\u00e0 t\u1eebng l\u00e0 ch\u1ee7 t\u1ecbch h\u1ed9i \u0111\u1ed3ng qu\u1ea3n tr\u1ecb ki\u00eam \u1ee7y vi\u00ean tr\u1ecdn \u0111\u1eddi c\u1ee7a Tr\u01b0\u1eddng Bishop&#039;s \u1edf La Jolla, California.<\/span><span data-ccp-props=\"{}\">\u00a0<\/span><\/p>\n<p><span data-ccp-props=\"{}\">\u00a0<\/span><\/p>\n<p><span data-ccp-props=\"{}\">\u00a0<\/span><\/p>","protected":false},"excerpt":{"rendered":"<p>&nbsp; Qu\u1ef9 Lucile Packard v\u00ec S\u1ee9c kh\u1ecfe Tr\u1ebb em h\u00e2n h\u1ea1nh ch\u00e0o \u0111\u00f3n \u00f4ng Brad Geier, Ch\u1ee7 t\u1ecbch H\u1ed9i \u0111\u1ed3ng qu\u1ea3n tr\u1ecb B\u1ec7nh vi\u1ec7n Nhi Lucile Packard Stanford, gia nh\u1eadp H\u1ed9i \u0111\u1ed3ng qu\u1ea3n tr\u1ecb c\u1ee7a m\u00ecnh. \u00d4ng Geier \u0111\u00e3 gia nh\u1eadp h\u1ed9i \u0111\u1ed3ng qu\u1ea3n tr\u1ecb c\u1ee7a Qu\u1ef9\u2026<\/p>","protected":false},"author":8,"featured_media":23099,"comment_status":"closed","ping_status":"closed","sticky":false,"template":"","format":"standard","meta":{"_acf_changed":false,"_relevanssi_hide_post":"","_relevanssi_hide_content":"","_relevanssi_pin_for_all":"","_relevanssi_pin_keywords":"","_relevanssi_unpin_keywords":"","_relevanssi_related_keywords":"","_relevanssi_related_include_ids":"","_relevanssi_related_exclude_ids":"","_relevanssi_related_no_append":"","_relevanssi_related_not_related":"","_relevanssi_related_posts":"","_relevanssi_noindex_reason":"","footnotes":""},"categories":[148],"class_list":["post-23096","post","type-post","status-publish","format-standard","has-post-thumbnail","hentry","category-in-the-news"],"acf":[],"yoast_head":"<!-- This site is optimized with the Yoast SEO Premium plugin v27.3 (Yoast SEO v27.3) - https:\/\/yoast.com\/product\/yoast-seo-premium-wordpress\/ -->\n<title>Brad Geier\u00a0Brings Stanford Ties to\u00a0Lucile Packard Foundation for Children\u2019s Health\u00a0Board of Directors\u00a0 - Lucile Packard Foundation for Children&#039;s Health<\/title>\n<meta name=\"robots\" content=\"index, follow, max-snippet:-1, max-image-preview:large, max-video-preview:-1\" \/>\n<link rel=\"canonical\" href=\"https:\/\/lpfch.org\/vi\/impact-stories\/brad-geier-joins-lucile-packard-foundation-board-of-directors\/\" \/>\n<meta property=\"og:locale\" content=\"vi_VN\" \/>\n<meta property=\"og:type\" content=\"article\" \/>\n<meta property=\"og:title\" content=\"Brad Geier\u00a0Brings Stanford Ties to\u00a0Lucile Packard Foundation for Children\u2019s Health\u00a0Board of Directors\u00a0\" \/>\n<meta property=\"og:description\" content=\"&nbsp; The\u00a0Lucile Packard\u00a0Foundation for\u00a0Children\u2019s\u00a0Health has welcomed Brad Geier, board chair of Lucile Packard Children\u2019s Hospital\u00a0Stanford, to its Board of Directors.\u00a0 Geier joined the Foundation\u2019s board...\" \/>\n<meta property=\"og:url\" content=\"https:\/\/lpfch.org\/vi\/impact-stories\/brad-geier-joins-lucile-packard-foundation-board-of-directors\/\" \/>\n<meta property=\"og:site_name\" content=\"Lucile Packard Foundation for Children&#039;s Health\" \/>\n<meta property=\"article:published_time\" content=\"2026-01-23T17:58:21+00:00\" \/>\n<meta property=\"article:modified_time\" content=\"2026-01-23T21:03:37+00:00\" \/>\n<meta property=\"og:image\" content=\"https:\/\/lpfch.org\/wp-content\/uploads\/2026\/01\/brad_v2.png\" \/>\n\t<meta property=\"og:image:width\" content=\"960\" \/>\n\t<meta property=\"og:image:height\" content=\"600\" \/>\n\t<meta property=\"og:image:type\" content=\"image\/png\" \/>\n<meta name=\"author\" content=\"Jodi.Mouratis\" \/>\n<meta name=\"twitter:card\" content=\"summary_large_image\" \/>\n<meta name=\"twitter:label1\" content=\"Written by\" \/>\n\t<meta name=\"twitter:data1\" content=\"Jodi.Mouratis\" \/>\n\t<meta name=\"twitter:label2\" content=\"Est. reading time\" \/>\n\t<meta name=\"twitter:data2\" content=\"2 minutes\" \/>\n<script type=\"application\/ld+json\" class=\"yoast-schema-graph\">{\"@context\":\"https:\\\/\\\/schema.org\",\"@graph\":[{\"@type\":\"Article\",\"@id\":\"https:\\\/\\\/lpfch.org\\\/impact-stories\\\/brad-geier-joins-lucile-packard-foundation-board-of-directors\\\/#article\",\"isPartOf\":{\"@id\":\"https:\\\/\\\/lpfch.org\\\/impact-stories\\\/brad-geier-joins-lucile-packard-foundation-board-of-directors\\\/\"},\"author\":{\"name\":\"Jodi.Mouratis\",\"@id\":\"https:\\\/\\\/lpfch.org\\\/km\\\/#\\\/schema\\\/person\\\/820ab723e801a57dd5cd79b71dbb9139\"},\"headline\":\"Brad Geier\u00a0Brings Stanford Ties to\u00a0Lucile Packard Foundation for Children\u2019s Health\u00a0Board of Directors\u00a0\",\"datePublished\":\"2026-01-23T17:58:21+00:00\",\"dateModified\":\"2026-01-23T21:03:37+00:00\",\"mainEntityOfPage\":{\"@id\":\"https:\\\/\\\/lpfch.org\\\/impact-stories\\\/brad-geier-joins-lucile-packard-foundation-board-of-directors\\\/\"},\"wordCount\":357,\"image\":{\"@id\":\"https:\\\/\\\/lpfch.org\\\/impact-stories\\\/brad-geier-joins-lucile-packard-foundation-board-of-directors\\\/#primaryimage\"},\"thumbnailUrl\":\"https:\\\/\\\/lpfch.org\\\/wp-content\\\/uploads\\\/2026\\\/01\\\/brad_v2.png\",\"articleSection\":[\"In the News\"],\"inLanguage\":\"vi\"},{\"@type\":\"WebPage\",\"@id\":\"https:\\\/\\\/lpfch.org\\\/impact-stories\\\/brad-geier-joins-lucile-packard-foundation-board-of-directors\\\/\",\"url\":\"https:\\\/\\\/lpfch.org\\\/impact-stories\\\/brad-geier-joins-lucile-packard-foundation-board-of-directors\\\/\",\"name\":\"Brad Geier\u00a0Brings Stanford Ties to\u00a0Lucile Packard Foundation for Children\u2019s Health\u00a0Board of Directors\u00a0 - Lucile Packard Foundation for Children&#039;s Health\",\"isPartOf\":{\"@id\":\"https:\\\/\\\/lpfch.org\\\/km\\\/#website\"},\"primaryImageOfPage\":{\"@id\":\"https:\\\/\\\/lpfch.org\\\/impact-stories\\\/brad-geier-joins-lucile-packard-foundation-board-of-directors\\\/#primaryimage\"},\"image\":{\"@id\":\"https:\\\/\\\/lpfch.org\\\/impact-stories\\\/brad-geier-joins-lucile-packard-foundation-board-of-directors\\\/#primaryimage\"},\"thumbnailUrl\":\"https:\\\/\\\/lpfch.org\\\/wp-content\\\/uploads\\\/2026\\\/01\\\/brad_v2.png\",\"datePublished\":\"2026-01-23T17:58:21+00:00\",\"dateModified\":\"2026-01-23T21:03:37+00:00\",\"author\":{\"@id\":\"https:\\\/\\\/lpfch.org\\\/km\\\/#\\\/schema\\\/person\\\/820ab723e801a57dd5cd79b71dbb9139\"},\"breadcrumb\":{\"@id\":\"https:\\\/\\\/lpfch.org\\\/impact-stories\\\/brad-geier-joins-lucile-packard-foundation-board-of-directors\\\/#breadcrumb\"},\"inLanguage\":\"vi\",\"potentialAction\":[{\"@type\":\"ReadAction\",\"target\":[\"https:\\\/\\\/lpfch.org\\\/impact-stories\\\/brad-geier-joins-lucile-packard-foundation-board-of-directors\\\/\"]}]},{\"@type\":\"ImageObject\",\"inLanguage\":\"vi\",\"@id\":\"https:\\\/\\\/lpfch.org\\\/impact-stories\\\/brad-geier-joins-lucile-packard-foundation-board-of-directors\\\/#primaryimage\",\"url\":\"https:\\\/\\\/lpfch.org\\\/wp-content\\\/uploads\\\/2026\\\/01\\\/brad_v2.png\",\"contentUrl\":\"https:\\\/\\\/lpfch.org\\\/wp-content\\\/uploads\\\/2026\\\/01\\\/brad_v2.png\",\"width\":960,\"height\":600},{\"@type\":\"BreadcrumbList\",\"@id\":\"https:\\\/\\\/lpfch.org\\\/impact-stories\\\/brad-geier-joins-lucile-packard-foundation-board-of-directors\\\/#breadcrumb\",\"itemListElement\":[{\"@type\":\"ListItem\",\"position\":1,\"name\":\"Home\",\"item\":\"https:\\\/\\\/lpfch.org\\\/km\\\/\"},{\"@type\":\"ListItem\",\"position\":2,\"name\":\"Brad Geier\u00a0Brings&hellip;\"}]},{\"@type\":\"WebSite\",\"@id\":\"https:\\\/\\\/lpfch.org\\\/km\\\/#website\",\"url\":\"https:\\\/\\\/lpfch.org\\\/km\\\/\",\"name\":\"Lucile Packard Foundation for Children&#039;s Health\",\"description\":\"\",\"potentialAction\":[{\"@type\":\"SearchAction\",\"target\":{\"@type\":\"EntryPoint\",\"urlTemplate\":\"https:\\\/\\\/lpfch.org\\\/km\\\/?s={search_term_string}\"},\"query-input\":{\"@type\":\"PropertyValueSpecification\",\"valueRequired\":true,\"valueName\":\"search_term_string\"}}],\"inLanguage\":\"vi\"},{\"@type\":\"Person\",\"@id\":\"https:\\\/\\\/lpfch.org\\\/km\\\/#\\\/schema\\\/person\\\/820ab723e801a57dd5cd79b71dbb9139\",\"name\":\"Jodi.Mouratis\",\"image\":{\"@type\":\"ImageObject\",\"inLanguage\":\"vi\",\"@id\":\"https:\\\/\\\/secure.gravatar.com\\\/avatar\\\/135a53e5be442cdcf067cdeb00ea85983eb4e8c1ceedb6450df4fe877b87c912?s=96&d=mm&r=g\",\"url\":\"https:\\\/\\\/secure.gravatar.com\\\/avatar\\\/135a53e5be442cdcf067cdeb00ea85983eb4e8c1ceedb6450df4fe877b87c912?s=96&d=mm&r=g\",\"contentUrl\":\"https:\\\/\\\/secure.gravatar.com\\\/avatar\\\/135a53e5be442cdcf067cdeb00ea85983eb4e8c1ceedb6450df4fe877b87c912?s=96&d=mm&r=g\",\"caption\":\"Jodi.Mouratis\"},\"url\":\"https:\\\/\\\/lpfch.org\\\/vi\\\/impact-stories\\\/author\\\/jodi-mouratis\\\/\"}]}<\/script>\n<!-- \/ Yoast SEO Premium plugin. -->","yoast_head_json":{"title":"Brad Geier mang m\u1ed1i li\u00ean h\u1ec7 v\u1edbi Stanford v\u00e0o H\u1ed9i \u0111\u1ed3ng qu\u1ea3n tr\u1ecb c\u1ee7a Qu\u1ef9 Lucile Packard v\u00ec S\u1ee9c kh\u1ecfe Tr\u1ebb em - Qu\u1ef9 Lucile Packard v\u00ec S\u1ee9c kh\u1ecfe Tr\u1ebb em","robots":{"index":"index","follow":"follow","max-snippet":"max-snippet:-1","max-image-preview":"max-image-preview:large","max-video-preview":"max-video-preview:-1"},"canonical":"https:\/\/lpfch.org\/vi\/impact-stories\/brad-geier-joins-lucile-packard-foundation-board-of-directors\/","og_locale":"vi_VN","og_type":"article","og_title":"Brad Geier\u00a0Brings Stanford Ties to\u00a0Lucile Packard Foundation for Children\u2019s Health\u00a0Board of Directors\u00a0","og_description":"&nbsp; The\u00a0Lucile Packard\u00a0Foundation for\u00a0Children\u2019s\u00a0Health has welcomed Brad Geier, board chair of Lucile Packard Children\u2019s Hospital\u00a0Stanford, to its Board of Directors.\u00a0 Geier joined the Foundation\u2019s board...","og_url":"https:\/\/lpfch.org\/vi\/impact-stories\/brad-geier-joins-lucile-packard-foundation-board-of-directors\/","og_site_name":"Lucile Packard Foundation for Children&#039;s Health","article_published_time":"2026-01-23T17:58:21+00:00","article_modified_time":"2026-01-23T21:03:37+00:00","og_image":[{"width":960,"height":600,"url":"https:\/\/lpfch.org\/wp-content\/uploads\/2026\/01\/brad_v2.png","type":"image\/png"}],"author":"Jodi.Mouratis","twitter_card":"summary_large_image","twitter_misc":{"Written by":"Jodi.Mouratis","Est. reading time":"2 minutes"},"schema":{"@context":"https:\/\/schema.org","@graph":[{"@type":"Article","@id":"https:\/\/lpfch.org\/impact-stories\/brad-geier-joins-lucile-packard-foundation-board-of-directors\/#article","isPartOf":{"@id":"https:\/\/lpfch.org\/impact-stories\/brad-geier-joins-lucile-packard-foundation-board-of-directors\/"},"author":{"name":"Jodi.Mouratis","@id":"https:\/\/lpfch.org\/km\/#\/schema\/person\/820ab723e801a57dd5cd79b71dbb9139"},"headline":"Brad Geier\u00a0Brings Stanford Ties to\u00a0Lucile Packard Foundation for Children\u2019s Health\u00a0Board of Directors\u00a0","datePublished":"2026-01-23T17:58:21+00:00","dateModified":"2026-01-23T21:03:37+00:00","mainEntityOfPage":{"@id":"https:\/\/lpfch.org\/impact-stories\/brad-geier-joins-lucile-packard-foundation-board-of-directors\/"},"wordCount":357,"image":{"@id":"https:\/\/lpfch.org\/impact-stories\/brad-geier-joins-lucile-packard-foundation-board-of-directors\/#primaryimage"},"thumbnailUrl":"https:\/\/lpfch.org\/wp-content\/uploads\/2026\/01\/brad_v2.png","articleSection":["In the News"],"inLanguage":"vi"},{"@type":"WebPage","@id":"https:\/\/lpfch.org\/impact-stories\/brad-geier-joins-lucile-packard-foundation-board-of-directors\/","url":"https:\/\/lpfch.org\/impact-stories\/brad-geier-joins-lucile-packard-foundation-board-of-directors\/","name":"Brad Geier mang m\u1ed1i li\u00ean h\u1ec7 v\u1edbi Stanford v\u00e0o H\u1ed9i \u0111\u1ed3ng qu\u1ea3n tr\u1ecb c\u1ee7a Qu\u1ef9 Lucile Packard v\u00ec S\u1ee9c kh\u1ecfe Tr\u1ebb em - Qu\u1ef9 Lucile Packard v\u00ec S\u1ee9c kh\u1ecfe Tr\u1ebb em","isPartOf":{"@id":"https:\/\/lpfch.org\/km\/#website"},"primaryImageOfPage":{"@id":"https:\/\/lpfch.org\/impact-stories\/brad-geier-joins-lucile-packard-foundation-board-of-directors\/#primaryimage"},"image":{"@id":"https:\/\/lpfch.org\/impact-stories\/brad-geier-joins-lucile-packard-foundation-board-of-directors\/#primaryimage"},"thumbnailUrl":"https:\/\/lpfch.org\/wp-content\/uploads\/2026\/01\/brad_v2.png","datePublished":"2026-01-23T17:58:21+00:00","dateModified":"2026-01-23T21:03:37+00:00","author":{"@id":"https:\/\/lpfch.org\/km\/#\/schema\/person\/820ab723e801a57dd5cd79b71dbb9139"},"breadcrumb":{"@id":"https:\/\/lpfch.org\/impact-stories\/brad-geier-joins-lucile-packard-foundation-board-of-directors\/#breadcrumb"},"inLanguage":"vi","potentialAction":[{"@type":"ReadAction","target":["https:\/\/lpfch.org\/impact-stories\/brad-geier-joins-lucile-packard-foundation-board-of-directors\/"]}]},{"@type":"ImageObject","inLanguage":"vi","@id":"https:\/\/lpfch.org\/impact-stories\/brad-geier-joins-lucile-packard-foundation-board-of-directors\/#primaryimage","url":"https:\/\/lpfch.org\/wp-content\/uploads\/2026\/01\/brad_v2.png","contentUrl":"https:\/\/lpfch.org\/wp-content\/uploads\/2026\/01\/brad_v2.png","width":960,"height":600},{"@type":"BreadcrumbList","@id":"https:\/\/lpfch.org\/impact-stories\/brad-geier-joins-lucile-packard-foundation-board-of-directors\/#breadcrumb","itemListElement":[{"@type":"ListItem","position":1,"name":"Home","item":"https:\/\/lpfch.org\/km\/"},{"@type":"ListItem","position":2,"name":"Brad Geier\u00a0Brings&hellip;"}]},{"@type":"WebSite","@id":"https:\/\/lpfch.org\/km\/#website","url":"https:\/\/lpfch.org\/km\/","name":"Qu\u1ef9 Lucile Packard v\u00ec S\u1ee9c kh\u1ecfe Tr\u1ebb em","description":"","potentialAction":[{"@type":"SearchAction","target":{"@type":"EntryPoint","urlTemplate":"https:\/\/lpfch.org\/km\/?s={search_term_string}"},"query-input":{"@type":"PropertyValueSpecification","valueRequired":true,"valueName":"search_term_string"}}],"inLanguage":"vi"},{"@type":"Person","@id":"https:\/\/lpfch.org\/km\/#\/schema\/person\/820ab723e801a57dd5cd79b71dbb9139","name":"Jodi.Mouratis","image":{"@type":"ImageObject","inLanguage":"vi","@id":"https:\/\/secure.gravatar.com\/avatar\/135a53e5be442cdcf067cdeb00ea85983eb4e8c1ceedb6450df4fe877b87c912?s=96&d=mm&r=g","url":"https:\/\/secure.gravatar.com\/avatar\/135a53e5be442cdcf067cdeb00ea85983eb4e8c1ceedb6450df4fe877b87c912?s=96&d=mm&r=g","contentUrl":"https:\/\/secure.gravatar.com\/avatar\/135a53e5be442cdcf067cdeb00ea85983eb4e8c1ceedb6450df4fe877b87c912?s=96&d=mm&r=g","caption":"Jodi.Mouratis"},"url":"https:\/\/lpfch.org\/vi\/impact-stories\/author\/jodi-mouratis\/"}]}},"_links":{"self":[{"href":"https:\/\/lpfch.org\/vi\/wp-json\/wp\/v2\/posts\/23096","targetHints":{"allow":["GET"]}}],"collection":[{"href":"https:\/\/lpfch.org\/vi\/wp-json\/wp\/v2\/posts"}],"about":[{"href":"https:\/\/lpfch.org\/vi\/wp-json\/wp\/v2\/types\/post"}],"author":[{"embeddable":true,"href":"https:\/\/lpfch.org\/vi\/wp-json\/wp\/v2\/users\/8"}],"replies":[{"embeddable":true,"href":"https:\/\/lpfch.org\/vi\/wp-json\/wp\/v2\/comments?post=23096"}],"version-history":[{"count":3,"href":"https:\/\/lpfch.org\/vi\/wp-json\/wp\/v2\/posts\/23096\/revisions"}],"predecessor-version":[{"id":23100,"href":"https:\/\/lpfch.org\/vi\/wp-json\/wp\/v2\/posts\/23096\/revisions\/23100"}],"wp:featuredmedia":[{"embeddable":true,"href":"https:\/\/lpfch.org\/vi\/wp-json\/wp\/v2\/media\/23099"}],"wp:attachment":[{"href":"https:\/\/lpfch.org\/vi\/wp-json\/wp\/v2\/media?parent=23096"}],"wp:term":[{"taxonomy":"category","embeddable":true,"href":"https:\/\/lpfch.org\/vi\/wp-json\/wp\/v2\/categories?post=23096"}],"curies":[{"name":"wp","href":"https:\/\/api.w.org\/{rel}","templated":true}]}}